{"id":23880,"date":"2025-09-04T10:50:21","date_gmt":"2025-09-04T03:50:21","guid":{"rendered":"https:\/\/vafs.gov.vn\/vn\/?p=23880"},"modified":"2025-09-04T10:50:22","modified_gmt":"2025-09-04T03:50:22","slug":"quy-che-quan-ly-hoat-dong-khoa-hoc-va-cong-nghe-cua-vien-khoa-hoc-lam-nghiep-viet-nam-ban-hanh-theo-quyet-dinh-so-313-qd-khln-ngay-21-8-2025","status":"publish","type":"post","link":"https:\/\/vafs.gov.vn\/vn\/quy-che-quan-ly-hoat-dong-khoa-hoc-va-cong-nghe-cua-vien-khoa-hoc-lam-nghiep-viet-nam-ban-hanh-theo-quyet-dinh-so-313-qd-khln-ngay-21-8-2025\/","title":{"rendered":"Quy ch\u1ebf qu\u1ea3n l\u00fd ho\u1ea1t \u0111\u1ed9ng Khoa h\u1ecdc v\u00e0 c\u00f4ng ngh\u1ec7 c\u1ee7a Vi\u1ec7n Khoa h\u1ecdc L\u00e2m nghi\u1ec7p Vi\u1ec7t Nam ban h\u00e0nh theo Quy\u1ebft \u0111\u1ecbnh s\u1ed1 313\/Q\u0110-KHLN ng\u00e0y 21\/8\/2025"},"content":{"rendered":"<p>Ng\u00e0y 21\/8\/2024 Gi\u00e1m \u0111\u1ed1c Vi\u1ec7n Vi\u1ec7n Khoa h\u1ecdc L\u00e2m nghi\u1ec7p Vi\u1ec7t Nam \u0111\u00e3 ban h\u00e0nh Quy\u1ebft \u0111\u1ecbnh s\u1ed1: 313\/Q\u0110-KHLN v\u1ec1 Ban h\u00e0nh Quy ch\u1ebf qu\u1ea3n l\u00fd ho\u1ea1t \u0111\u1ed9ng Khoa h\u1ecdc v\u00e0 c\u00f4ng ngh\u1ec7 c\u1ee7a Vi\u1ec7n Khoa h\u1ecdc L\u00e2m nghi\u1ec7p Vi\u1ec7t Nam.<\/p>\n<p><strong>Quy\u1ebft \u0111\u1ecbnh n\u00e0y c\u00f3 hi\u1ec7u l\u1ef1c t\u1eeb 01\/9\/2025 v\u00e0 thay th\u1ebf cho Quy\u1ebft \u0111\u1ecbnh s\u1ed1 451\/Q\u0110-KHL ng\u00e0y 21\/10\/2024.<\/strong><\/p>\n<p>Chi ti\u1ebft xem file \u0111\u00ednh k\u00e8m: <a href=\"https:\/\/vafs.gov.vn\/vn\/quy-che-quan-ly-hoat-dong-khoa-hoc-va-cong-nghe-cua-vien-khoa-hoc-lam-nghiep-viet-nam-ban-hanh-theo-quyet-dinh-so-313-qd-khln-ngay-21-8-2025\/25-08-21-qd313-ban-hanh-quy-che-quanly-khcn-vkhlnvn_final\/\" rel=\"attachment wp-att-23881\">25-08-21 QD313 Ban hanh Quy che Quanly KHCN VKHLNVN_Final<\/a><\/p>\n","protected":false},"excerpt":{"rendered":"<p>Ng\u00e0y 21\/8\/2024 Gi\u00e1m \u0111\u1ed1c Vi\u1ec7n Vi\u1ec7n Khoa h\u1ecdc L\u00e2m nghi\u1ec7p Vi\u1ec7t Nam \u0111\u00e3 ban h\u00e0nh Quy\u1ebft \u0111\u1ecbnh s\u1ed1: 313\/Q\u0110-KHLN v\u1ec1 Ban h\u00e0nh Quy ch\u1ebf qu\u1ea3n l\u00fd ho\u1ea1t \u0111\u1ed9ng Khoa h\u1ecdc v\u00e0 c\u00f4ng ngh\u1ec7 c\u1ee7a Vi\u1ec7n Khoa h\u1ecdc L\u00e2m nghi\u1ec7p Vi\u1ec7t Nam. Quy\u1ebft \u0111\u1ecbnh n\u00e0y c\u00f3 hi\u1ec7u l\u1ef1c t\u1eeb 01\/9\/2025 v\u00e0 thay th\u1ebf cho Quy\u1ebft \u0111\u1ecbnh [&hellip;]<\/p>\n","protected":false},"author":1,"featured_media":0,"comment_status":"closed","ping_status":"closed","sticky":false,"template":"","format":"standard","meta":[],"categories":[80],"tags":[],"_links":{"self":[{"href":"https:\/\/vafs.gov.vn\/vn\/wp-json\/wp\/v2\/posts\/23880"}],"collection":[{"href":"https:\/\/vafs.gov.vn\/vn\/wp-json\/wp\/v2\/posts"}],"about":[{"href":"https:\/\/vafs.gov.vn\/vn\/wp-json\/wp\/v2\/types\/post"}],"author":[{"embeddable":true,"href":"https:\/\/vafs.gov.vn\/vn\/wp-json\/wp\/v2\/users\/1"}],"replies":[{"embeddable":true,"href":"https:\/\/vafs.gov.vn\/vn\/wp-json\/wp\/v2\/comments?post=23880"}],"version-history":[{"count":2,"href":"https:\/\/vafs.gov.vn\/vn\/wp-json\/wp\/v2\/posts\/23880\/revisions"}],"predecessor-version":[{"id":23883,"href":"https:\/\/vafs.gov.vn\/vn\/wp-json\/wp\/v2\/posts\/23880\/revisions\/23883"}],"wp:attachment":[{"href":"https:\/\/vafs.gov.vn\/vn\/wp-json\/wp\/v2\/media?parent=23880"}],"wp:term":[{"taxonomy":"category","embeddable":true,"href":"https:\/\/vafs.gov.vn\/vn\/wp-json\/wp\/v2\/categories?post=23880"},{"taxonomy":"post_tag","embeddable":true,"href":"https:\/\/vafs.gov.vn\/vn\/wp-json\/wp\/v2\/tags?post=23880"}],"curies":[{"name":"wp","href":"https:\/\/api.w.org\/{rel}","templated":true}]}}