{"id":22876,"date":"2023-08-06T09:31:28","date_gmt":"2023-08-06T02:31:28","guid":{"rendered":"http:\/\/vafs.gov.vn\/vn\/?p=22876"},"modified":"2023-08-06T09:39:10","modified_gmt":"2023-08-06T02:39:10","slug":"ky-ket-bien-ban-ghi-nho-giua-tong-cong-ty-15-binh-doan-15-bo-quoc-phong-va-vien-khoa-hoc-lam-nghiep-viet-nam-ve-thuc-hien-quan-ly-rung-ben-vung-va-cap-chung-chi-rung-cao-su","status":"publish","type":"post","link":"https:\/\/vafs.gov.vn\/vn\/ky-ket-bien-ban-ghi-nho-giua-tong-cong-ty-15-binh-doan-15-bo-quoc-phong-va-vien-khoa-hoc-lam-nghiep-viet-nam-ve-thuc-hien-quan-ly-rung-ben-vung-va-cap-chung-chi-rung-cao-su\/","title":{"rendered":"K\u00fd k\u1ebft Bi\u00ean b\u1ea3n ghi nh\u1edb gi\u1eefa T\u1ed5ng c\u00f4ng ty 15 (Binh \u0111o\u00e0n 15) &#8211; B\u1ed9 Qu\u1ed1c ph\u00f2ng v\u00e0 Vi\u1ec7n Khoa h\u1ecdc L\u00e2m nghi\u1ec7p Vi\u1ec7t Nam v\u1ec1 th\u1ef1c hi\u1ec7n qu\u1ea3n l\u00fd r\u1eebng b\u1ec1n v\u1eefng v\u00e0 c\u1ea5p ch\u1ee9ng ch\u1ec9 r\u1eebng Cao su"},"content":{"rendered":"<p>S\u00e1ng ng\u00e0y 4\/8\/2023, t\u1ea1i tr\u1ee5 s\u1edf T\u1ed5ng c\u00f4ng ty 15, TP. Pleiku, t\u1ec9nh Gia Lai, T\u1ed5ng c\u00f4ng ty 15 v\u00e0 Vi\u1ec7n Khoa h\u1ecdc L\u00e2m nghi\u1ec7p Vi\u1ec7t Nam \u0111\u00e3 k\u00fd k\u1ebft bi\u00ean b\u1ea3n ghi nh\u1edb h\u1ee3p t\u00e1c th\u1ef1c hi\u1ec7n qu\u1ea3n l\u00fd r\u1eebng b\u1ec1n v\u1eefng (QLRBV) v\u00e0 c\u1ea5p ch\u1ee9ng ch\u1ec9 r\u1eebng Cao su, giai \u0111o\u1ea1n 2023 \u2013 2026.<\/p>\n<p>Tham d\u1ef1 bu\u1ed5i l\u1ec5 k\u00fd k\u1ebft, v\u1ec1 ph\u00eda T\u1ed5ng C\u00f4ng ty 15 c\u00f3 Thi\u1ebfu t\u01b0\u1edbng Ho\u00e0ng V\u0103n S\u1ef9 &#8211; Ph\u00f3 b\u00ed th\u01b0 \u0110\u1ea3ng \u1ee7y, T\u01b0 L\u1ec7nh, T\u1ed5ng gi\u00e1m \u0111\u1ed1c T\u1ed5ng c\u00f4ng ty 15; \u0110\u1ea1i t\u00e1 Khu\u1ea5t B\u00e1 Cao &#8211; B\u00ed th\u01b0 \u0110\u1ea3ng \u1ee7y, ph\u00f3 t\u01b0 l\u1ec7nh; \u0110\u1ea1i t\u00e1 L\u00ea Xu\u00e2n Ph\u01b0\u01a1ng &#8211; Ph\u00f3 t\u01b0 l\u1ec7nh, tham m\u01b0u tr\u01b0\u1edfng v\u00e0 c\u00e1c l\u00e3nh \u0111\u1ea1o ch\u1ec9 huy c\u00e1c c\u01a1 quan thu\u1ed9c T\u1ed5ng c\u00f4ng ty 15.<\/p>\n<p><a href=\"http:\/\/vafs.gov.vn\/vn\/ky-ket-bien-ban-ghi-nho-giua-tong-cong-ty-15-binh-doan-15-bo-quoc-phong-va-vien-khoa-hoc-lam-nghiep-viet-nam-ve-thuc-hien-quan-ly-rung-ben-vung-va-cap-chung-chi-rung-cao-su\/23-08-04-ky-bd151\/\" rel=\"attachment wp-att-22877\"><img decoding=\"async\" loading=\"lazy\" class=\"aligncenter wp-image-22877 size-medium\" src=\"http:\/\/vafs.gov.vn\/vn\/wp-content\/uploads\/sites\/2\/2023\/08\/23-08-04-Ky-BD151-500x309.jpg\" alt=\"\" width=\"500\" height=\"309\" srcset=\"https:\/\/vafs.gov.vn\/vn\/wp-content\/uploads\/sites\/2\/2023\/08\/23-08-04-Ky-BD151-500x309.jpg 500w, https:\/\/vafs.gov.vn\/vn\/wp-content\/uploads\/sites\/2\/2023\/08\/23-08-04-Ky-BD151-768x474.jpg 768w, https:\/\/vafs.gov.vn\/vn\/wp-content\/uploads\/sites\/2\/2023\/08\/23-08-04-Ky-BD151-1024x633.jpg 1024w, https:\/\/vafs.gov.vn\/vn\/wp-content\/uploads\/sites\/2\/2023\/08\/23-08-04-Ky-BD151.jpg 1282w\" sizes=\"(max-width: 500px) 100vw, 500px\" \/><\/a><\/p>\n<p style=\"text-align: center;\"><em>Thi\u1ebfu t\u01b0\u1edbng Ho\u00e0ng V\u0103n S\u1ef9 &#8211; Ph\u00f3 b\u00ed th\u01b0 \u0110\u1ea3ng \u1ee7y, T\u01b0 L\u1ec7nh, T\u1ed5ng gi\u00e1m \u0111\u1ed1c T\u1ed5ng c\u00f4ng ty 15 v\u00e0 TS. Tr\u1ea7n L\u00e2m \u0110\u1ed3ng &#8211; Ph\u00f3 gi\u00e1m \u0111\u1ed1c Vi\u1ec7n Khoa h\u1ecdc L\u00e2m nghi\u1ec7p Vi\u1ec7t Nam k\u00fd k\u1ebft h\u1ee3p t\u00e1c.<\/em><\/p>\n<p>V\u1ec1 ph\u00eda Vi\u1ec7n Khoa h\u1ecdc L\u00e2m nghi\u1ec7p Vi\u1ec7t Nam c\u00f3 TS. Tr\u1ea7n L\u00e2m \u0110\u1ed3ng &#8211; Ph\u00f3 gi\u00e1m \u0111\u1ed1c Vi\u1ec7n KHLN Vi\u1ec7t Nam, TS. V\u0169 T\u1ea5n Ph\u01b0\u01a1ng &#8211; Gi\u00e1m \u0111\u1ed1c V\u0103n ph\u00f2ng Ch\u1ee9ng ch\u1ec9 qu\u1ea3n l\u00fd r\u1eebng b\u1ec1n v\u1eefng, PGS.TS. Ho\u00e0ng V\u0103n Th\u1eafng &#8211; Vi\u1ec7n tr\u01b0\u1edfng Vi\u1ec7n Nghi\u00ean c\u1ee9u L\u00e2m sinh, TS. Nguy\u1ec5n V\u0103n Th\u1ecbnh &#8211; Tr\u01b0\u1edfng B\u1ed9 m\u00f4n, ThS. Ph\u1ea1m Ti\u1ebfn D\u0169ng \u2013 Ph\u00f3 tr\u01b0\u1edfng b\u1ed9 m\u00f4n \u0110i\u1ec1u tra v\u00e0 QLRBV v\u00e0 TS. Tr\u1ea7n H\u1ed3ng S\u01a1n \u2013 Gi\u00e1m \u0111\u1ed1c Trung t\u00e2m L\u00e2m nghi\u1ec7p Nhi\u1ec7t \u0111\u1edbi \u2013 Vi\u1ec7n Khoa h\u1ecdc L\u00e2m nghi\u1ec7p Nam Trung B\u1ed9 v\u00e0 T\u00e2y Nguy\u00ean.<\/p>\n<p>T\u1ed5ng c\u00f4ng ty 15 (Binh \u0111o\u00e0n 15), thu\u1ed9c B\u1ed9 Qu\u1ed1c ph\u00f2ng, \u0111ang qu\u1ea3n l\u00fd h\u01a1n 35.500 ha r\u1eebng cao su, t\u1ea1o c\u00f4ng \u0103n vi\u1ec7c l\u00e0m cho h\u01a1n 16 ngh\u00ecn lao \u0111\u1ed9ng \u1edf v\u00f9ng T\u00e2y Nguy\u00ean. Trong nh\u1eefng n\u0103m qua, T\u1ed5ng c\u00f4ng ty \u0111\u00e3 th\u00fac \u0111\u1ea9y \u00e1p d\u1ee5ng c\u00e1c gi\u1ea3i ph\u00e1p qu\u1ea3n l\u00fd b\u1ec1n v\u1eefng \u0111\u1ed1i v\u1edbi r\u1eebng tr\u1ed3ng cao su theo c\u00e1c ti\u00eau chu\u1ea9n qu\u1ed1c t\u1ebf nh\u01b0 ISO v\u1ec1 ch\u1ea5t l\u01b0\u1ee3ng v\u00e0 m\u00f4i tr\u01b0\u1eddng, \u0111em l\u1ea1i s\u1ea3n l\u01b0\u1ee3ng h\u01a1n 50 ngh\u00ecn t\u1ea5n m\u1ee7 h\u00e0ng n\u0103m. \u0110\u1ec3 \u0111\u00e1p \u1ee9ng c\u00e1c quy \u0111\u1ecbnh v\u1ec1 qu\u1ea3n l\u00fd r\u1eebng b\u1ec1n v\u1eefng, T\u1ed5ng c\u00f4ng ty \u0111\u1eb7t m\u1ee5c ti\u00eau th\u1ef1c hi\u1ec7n QLRBV v\u00e0 c\u1ea5p ch\u1ee9ng ch\u1ec9 r\u1eebng cho to\u00e0n b\u1ed9 di\u1ec7n t\u00edch cao su c\u1ee7a T\u1ed5ng c\u00f4ng ty.<\/p>\n<p>Vi\u1ec7n Khoa h\u1ecdc L\u00e2m nghi\u1ec7p Vi\u1ec7t Nam trong nh\u1eefng n\u0103m qua \u0111\u00e3 c\u00f3 nhi\u1ec1u kinh nghi\u1ec7m trong th\u1ef1c hi\u1ec7n QLRBV v\u00e0 c\u1ea5p ch\u1ee9ng ch\u1ec9 r\u1eebng cao su. Trong c\u00e1c n\u0103m t\u1eeb 2019-2022, Vi\u1ec7n \u0111\u00e3 h\u1ed7 tr\u1ee3, t\u01b0 v\u1ea5n cho 21 c\u00f4ng ty cao su tr\u1ef1c thu\u1ed9c T\u1eadp \u0111o\u00e0n C\u00f4ng nghi\u1ec7p Cao su Vi\u1ec7t Nam c\u1ea5p ch\u1ee9ng ch\u1ec9 cho h\u01a1n m\u1ed9t tr\u0103m ngh\u00ecn ha. Xu\u1ea5t ph\u00e1t t\u1eeb m\u1ee5c ti\u00eau v\u00e0 n\u1ec1n t\u1ea3ng \u0111\u00f3, hai b\u00ean \u0111\u00e3 c\u00f3 nh\u1eefng trao \u0111\u1ed5i c\u1edfi m\u1edf, \u00a0chia s\u1ebb th\u00f4ng tin, trao \u0111\u1ed5i kinh nghi\u1ec7m, h\u1ed7 tr\u1ee3 n\u00e2ng cao n\u0103ng l\u1ef1c v\u1ec1 vi\u1ec7c th\u00fac \u0111\u1ea9y th\u1ef1c hi\u1ec7n qu\u1ea3n l\u00fd r\u1eebng b\u1ec1n v\u1eefng v\u00e0 ch\u1ee9ng ch\u1ec9 r\u1eebng, t\u01b0 v\u1ea5n v\u00e0 chuy\u1ec3n giao khoa h\u1ecdc c\u00f4ng ngh\u1ec7 m\u00e0 hai b\u00ean c\u00f9ng quan t\u00e2m.<\/p>\n<p>T\u1ea1i bu\u1ed5i l\u1ec5, c\u00e1c \u0111\u1ea1i bi\u1ec3u \u0111\u00e3 \u0111\u01b0\u1ee3c nghe TS. V\u0169 T\u1ea5n Ph\u01b0\u01a1ng \u2013 Gi\u00e1m \u0111\u1ed1c v\u0103n ph\u00f2ng Ch\u1ee9ng ch\u1ec9 r\u1eebng Vi\u1ec7t Nam tr\u00ecnh b\u00e0y v\u1ec1 h\u1ec7 th\u1ed1ng ch\u1ee9ng ch\u1ec9 r\u1eebng Qu\u1ed1c gia; PGS.TS. Ho\u00e0ng V\u0103n Th\u1eafng \u2013 Vi\u1ec7n tr\u01b0\u1edfng Vi\u1ec7n Nghi\u00ean c\u1ee9u L\u00e2m sinh tr\u00ecnh b\u00e0y v\u1ec1 kinh nghi\u1ec7m t\u01b0 v\u1ea5n, chuy\u1ec3n giao QLRBV v\u00e0 ch\u1ee9ng ch\u1ec9 r\u1eebng c\u1ee7a Vi\u1ec7n KHLNVN.<\/p>\n<p><a href=\"http:\/\/vafs.gov.vn\/vn\/ky-ket-bien-ban-ghi-nho-giua-tong-cong-ty-15-binh-doan-15-bo-quoc-phong-va-vien-khoa-hoc-lam-nghiep-viet-nam-ve-thuc-hien-quan-ly-rung-ben-vung-va-cap-chung-chi-rung-cao-su\/23-08-04-ky-bd152\/\" rel=\"attachment wp-att-22878\"><img decoding=\"async\" loading=\"lazy\" class=\"aligncenter wp-image-22878 size-medium\" src=\"http:\/\/vafs.gov.vn\/vn\/wp-content\/uploads\/sites\/2\/2023\/08\/23-08-04-Ky-BD152-500x304.jpg\" alt=\"\" width=\"500\" height=\"304\" srcset=\"https:\/\/vafs.gov.vn\/vn\/wp-content\/uploads\/sites\/2\/2023\/08\/23-08-04-Ky-BD152-500x304.jpg 500w, https:\/\/vafs.gov.vn\/vn\/wp-content\/uploads\/sites\/2\/2023\/08\/23-08-04-Ky-BD152-768x466.jpg 768w, https:\/\/vafs.gov.vn\/vn\/wp-content\/uploads\/sites\/2\/2023\/08\/23-08-04-Ky-BD152-1024x622.jpg 1024w, https:\/\/vafs.gov.vn\/vn\/wp-content\/uploads\/sites\/2\/2023\/08\/23-08-04-Ky-BD152.jpg 1321w\" sizes=\"(max-width: 500px) 100vw, 500px\" \/><\/a><\/p>\n<p style=\"text-align: center;\"><em>Thi\u1ebfu t\u01b0\u1edbng Ho\u00e0ng V\u0103n S\u1ef9 &#8211; Ph\u00f3 b\u00ed th\u01b0 \u0110\u1ea3ng \u1ee7y, T\u01b0 L\u1ec7nh, T\u1ed5ng gi\u00e1m \u0111\u1ed1c<\/em><\/p>\n<p style=\"text-align: center;\"><em>T\u1ed5ng c\u00f4ng ty 15 ph\u00e1t bi\u1ec3u t\u1ea1i bu\u1ed5i l\u1ec5 k\u00fd k\u1ebft<\/em><\/p>\n<p>K\u1ebft th\u00fac bu\u1ed5i l\u1ec5, Thi\u1ebfu t\u01b0\u1edbng Ho\u00e0ng V\u0103n S\u1ef9 &#8211; Ph\u00f3 b\u00ed th\u01b0 \u0110\u1ea3ng \u1ee7y, T\u01b0 L\u1ec7nh, T\u1ed5ng gi\u00e1m \u0111\u1ed1c T\u1ed5ng c\u00f4ng ty 15 \u0111\u00e1nh gi\u00e1 cao nh\u1eefng k\u1ebft qu\u1ea3 \u0111\u1ea1t \u0111\u01b0\u1ee3c c\u1ee7a Vi\u1ec7n KHLN Vi\u1ec7t Nam trong qu\u00e1 tr\u00ecnh th\u00fac \u0111\u1ea9y th\u1ef1c hi\u1ec7n qu\u1ea3n l\u00fd r\u1eebng b\u1ec1n v\u1eefng v\u00e0 ch\u1ee9ng ch\u1ec9 r\u1eebng t\u1ea1i Vi\u1ec7t Nam, \u0111\u1eb7c bi\u1ec7t l\u00e0 \u0111\u1ed1i v\u1edbi r\u1eebng cao su. T\u1ed5ng c\u00f4ng ty 15 c\u0169ng nh\u1eadn th\u1ea5y r\u00f5 vai tr\u00f2, \u00fd ngh\u0129a c\u1ee7a vi\u1ec7c x\u00e2y d\u1ef1ng ph\u01b0\u01a1ng \u00e1n QLRBV v\u00e0 c\u1ea5p CCR cho c\u00e1c r\u1eebng Cao su c\u1ee7a 7 \u0111\u01a1n v\u1ecb tr\u1ef1c thu\u1ed9c T\u1ed5ng C\u00f4ng ty v\u00e0 \u0111\u1eb7t m\u1ee5c ti\u00eau th\u1ef1c hi\u1ec7n t\u1ed1t c\u00f4ng t\u00e1c qu\u1ea3n l\u00fd r\u1eebng b\u1ec1n v\u1eefng \u0111\u1ed1i v\u1edbi c\u00e1c \u0111\u01a1n v\u1ecb th\u00e0nh vi\u00ean.<\/p>\n<p><em>M\u1ed9t s\u1ed1 h\u00ecnh \u1ea3nh t\u1ea1i bu\u1ed5i l\u1ec5 k\u00fd k\u1ebft:<\/em><\/p>\n<p><a href=\"http:\/\/vafs.gov.vn\/vn\/ky-ket-bien-ban-ghi-nho-giua-tong-cong-ty-15-binh-doan-15-bo-quoc-phong-va-vien-khoa-hoc-lam-nghiep-viet-nam-ve-thuc-hien-quan-ly-rung-ben-vung-va-cap-chung-chi-rung-cao-su\/23-08-04-ky-bd153\/\" rel=\"attachment wp-att-22879\"><img decoding=\"async\" loading=\"lazy\" class=\"aligncenter wp-image-22879 size-medium\" src=\"http:\/\/vafs.gov.vn\/vn\/wp-content\/uploads\/sites\/2\/2023\/08\/23-08-04-Ky-BD153-500x313.jpg\" alt=\"\" width=\"500\" height=\"313\" srcset=\"https:\/\/vafs.gov.vn\/vn\/wp-content\/uploads\/sites\/2\/2023\/08\/23-08-04-Ky-BD153-500x313.jpg 500w, https:\/\/vafs.gov.vn\/vn\/wp-content\/uploads\/sites\/2\/2023\/08\/23-08-04-Ky-BD153-768x481.jpg 768w, https:\/\/vafs.gov.vn\/vn\/wp-content\/uploads\/sites\/2\/2023\/08\/23-08-04-Ky-BD153-1024x641.jpg 1024w, https:\/\/vafs.gov.vn\/vn\/wp-content\/uploads\/sites\/2\/2023\/08\/23-08-04-Ky-BD153.jpg 1288w\" sizes=\"(max-width: 500px) 100vw, 500px\" \/><\/a><\/p>\n<p style=\"text-align: center;\"><em>Tr\u1ea7n L\u00e2m \u0110\u1ed3ng \u2013 P. Gi\u00e1m \u0111\u1ed1c Vi\u1ec7n Khoa h\u1ecdc L\u00e2m nghi\u1ec7p Vi\u1ec7t Nam<\/em><\/p>\n<p style=\"text-align: center;\"><em>ph\u00e1t bi\u1ec3u t\u1ea1i bu\u1ed5i l\u1ec5 k\u00fd k\u1ebft<\/em><\/p>\n<p style=\"text-align: center;\"><a href=\"http:\/\/vafs.gov.vn\/vn\/ky-ket-bien-ban-ghi-nho-giua-tong-cong-ty-15-binh-doan-15-bo-quoc-phong-va-vien-khoa-hoc-lam-nghiep-viet-nam-ve-thuc-hien-quan-ly-rung-ben-vung-va-cap-chung-chi-rung-cao-su\/23-08-04-ky-bd154\/\" rel=\"attachment wp-att-22880\"><img decoding=\"async\" loading=\"lazy\" class=\"aligncenter wp-image-22880 size-medium\" src=\"http:\/\/vafs.gov.vn\/vn\/wp-content\/uploads\/sites\/2\/2023\/08\/23-08-04-Ky-BD154-500x311.jpg\" alt=\"\" width=\"500\" height=\"311\" srcset=\"https:\/\/vafs.gov.vn\/vn\/wp-content\/uploads\/sites\/2\/2023\/08\/23-08-04-Ky-BD154-500x311.jpg 500w, https:\/\/vafs.gov.vn\/vn\/wp-content\/uploads\/sites\/2\/2023\/08\/23-08-04-Ky-BD154-768x477.jpg 768w, https:\/\/vafs.gov.vn\/vn\/wp-content\/uploads\/sites\/2\/2023\/08\/23-08-04-Ky-BD154-1024x636.jpg 1024w, https:\/\/vafs.gov.vn\/vn\/wp-content\/uploads\/sites\/2\/2023\/08\/23-08-04-Ky-BD154.jpg 1293w\" sizes=\"(max-width: 500px) 100vw, 500px\" \/><\/a><em>V\u0169 T\u1ea5n Ph\u01b0\u01a1ng \u2013 Gi\u00e1m \u0111\u1ed1c v\u0103n ph\u00f2ng Ch\u1ee9ng ch\u1ec9 r\u1eebng Vi\u1ec7t Nam tr\u00ecnh b\u00e0y<\/em><\/p>\n<p style=\"text-align: center;\"><em>v\u1ec1 h\u1ec7 th\u1ed1ng ch\u1ee9ng ch\u1ec9 r\u1eebng Qu\u1ed1c gia<\/em><\/p>\n<p><a href=\"http:\/\/vafs.gov.vn\/vn\/ky-ket-bien-ban-ghi-nho-giua-tong-cong-ty-15-binh-doan-15-bo-quoc-phong-va-vien-khoa-hoc-lam-nghiep-viet-nam-ve-thuc-hien-quan-ly-rung-ben-vung-va-cap-chung-chi-rung-cao-su\/23-08-04-ky-bd155\/\" rel=\"attachment wp-att-22881\"><img decoding=\"async\" loading=\"lazy\" class=\"aligncenter wp-image-22881 size-medium\" src=\"http:\/\/vafs.gov.vn\/vn\/wp-content\/uploads\/sites\/2\/2023\/08\/23-08-04-Ky-BD155-500x282.jpg\" alt=\"\" width=\"500\" height=\"282\" srcset=\"https:\/\/vafs.gov.vn\/vn\/wp-content\/uploads\/sites\/2\/2023\/08\/23-08-04-Ky-BD155-500x282.jpg 500w, https:\/\/vafs.gov.vn\/vn\/wp-content\/uploads\/sites\/2\/2023\/08\/23-08-04-Ky-BD155-768x434.jpg 768w, https:\/\/vafs.gov.vn\/vn\/wp-content\/uploads\/sites\/2\/2023\/08\/23-08-04-Ky-BD155-1024x578.jpg 1024w, https:\/\/vafs.gov.vn\/vn\/wp-content\/uploads\/sites\/2\/2023\/08\/23-08-04-Ky-BD155.jpg 1357w\" sizes=\"(max-width: 500px) 100vw, 500px\" \/><\/a><\/p>\n<p style=\"text-align: center;\"><em>PGS.TS. Ho\u00e0ng V\u0103n Th\u1eafng \u2013 Vi\u1ec7n tr\u01b0\u1edfng Vi\u1ec7n Nghi\u00ean c\u1ee9u L\u00e2m sinh tr\u00ecnh b\u00e0y v\u1ec1 kinh nghi\u1ec7m t\u01b0 v\u1ea5n, chuy\u1ec3n giao QLRBV v\u00e0 ch\u1ee9ng ch\u1ec9 r\u1eebng c\u1ee7a Vi\u1ec7n KHLNVN<\/em><\/p>\n","protected":false},"excerpt":{"rendered":"<p>S\u00e1ng ng\u00e0y 4\/8\/2023, t\u1ea1i tr\u1ee5 s\u1edf T\u1ed5ng c\u00f4ng ty 15, TP. Pleiku, t\u1ec9nh Gia Lai, T\u1ed5ng c\u00f4ng ty 15 v\u00e0 Vi\u1ec7n Khoa h\u1ecdc L\u00e2m nghi\u1ec7p Vi\u1ec7t Nam \u0111\u00e3 k\u00fd k\u1ebft bi\u00ean b\u1ea3n ghi nh\u1edb h\u1ee3p t\u00e1c th\u1ef1c hi\u1ec7n qu\u1ea3n l\u00fd r\u1eebng b\u1ec1n v\u1eefng (QLRBV) v\u00e0 c\u1ea5p ch\u1ee9ng ch\u1ec9 r\u1eebng Cao su, giai \u0111o\u1ea1n 2023 \u2013 [&hellip;]<\/p>\n","protected":false},"author":2,"featured_media":22877,"comment_status":"open","ping_status":"open","sticky":false,"template":"","format":"standard","meta":[],"categories":[51,72],"tags":[],"_links":{"self":[{"href":"https:\/\/vafs.gov.vn\/vn\/wp-json\/wp\/v2\/posts\/22876"}],"collection":[{"href":"https:\/\/vafs.gov.vn\/vn\/wp-json\/wp\/v2\/posts"}],"about":[{"href":"https:\/\/vafs.gov.vn\/vn\/wp-json\/wp\/v2\/types\/post"}],"author":[{"embeddable":true,"href":"https:\/\/vafs.gov.vn\/vn\/wp-json\/wp\/v2\/users\/2"}],"replies":[{"embeddable":true,"href":"https:\/\/vafs.gov.vn\/vn\/wp-json\/wp\/v2\/comments?post=22876"}],"version-history":[{"count":5,"href":"https:\/\/vafs.gov.vn\/vn\/wp-json\/wp\/v2\/posts\/22876\/revisions"}],"predecessor-version":[{"id":22886,"href":"https:\/\/vafs.gov.vn\/vn\/wp-json\/wp\/v2\/posts\/22876\/revisions\/22886"}],"wp:featuredmedia":[{"embeddable":true,"href":"https:\/\/vafs.gov.vn\/vn\/wp-json\/wp\/v2\/media\/22877"}],"wp:attachment":[{"href":"https:\/\/vafs.gov.vn\/vn\/wp-json\/wp\/v2\/media?parent=22876"}],"wp:term":[{"taxonomy":"category","embeddable":true,"href":"https:\/\/vafs.gov.vn\/vn\/wp-json\/wp\/v2\/categories?post=22876"},{"taxonomy":"post_tag","embeddable":true,"href":"https:\/\/vafs.gov.vn\/vn\/wp-json\/wp\/v2\/tags?post=22876"}],"curies":[{"name":"wp","href":"https:\/\/api.w.org\/{rel}","templated":true}]}}