{"id":21794,"date":"2022-06-11T18:10:22","date_gmt":"2022-06-11T11:10:22","guid":{"rendered":"http:\/\/vafs.gov.vn\/vn\/?p=21794"},"modified":"2022-06-11T18:11:06","modified_gmt":"2022-06-11T11:11:06","slug":"hoi-thao-khoi-dong-du-an-phuc-hoi-dat-lam-nghiep-bi-suy-thoai-co-kha-nang-sa-mac-hoa-tai-vung-tay-bac-viet-nam-bang-cac-bien-phap-ky-thuat-tong-hop","status":"publish","type":"post","link":"https:\/\/vafs.gov.vn\/vn\/hoi-thao-khoi-dong-du-an-phuc-hoi-dat-lam-nghiep-bi-suy-thoai-co-kha-nang-sa-mac-hoa-tai-vung-tay-bac-viet-nam-bang-cac-bien-phap-ky-thuat-tong-hop\/","title":{"rendered":"H\u1ed9i th\u1ea3o kh\u1edfi \u0111\u1ed9ng D\u1ef1 \u00e1n \u201cPh\u1ee5c h\u1ed3i \u0111\u1ea5t l\u00e2m nghi\u1ec7p b\u1ecb suy tho\u00e1i c\u00f3 kh\u1ea3 n\u0103ng sa m\u1ea1c h\u00f3a t\u1ea1i v\u00f9ng T\u00e2y B\u1eafc Vi\u1ec7t Nam b\u1eb1ng c\u00e1c bi\u1ec7n ph\u00e1p k\u1ef9 thu\u1eadt t\u1ed5ng h\u1ee3p\u201d"},"content":{"rendered":"<p>Ng\u00e0y 9 th\u00e1ng 6 n\u0103m 2022, Vi\u1ec7n Nghi\u00ean c\u1ee9u Sinh th\u00e1i v\u00e0 M\u00f4i tr\u01b0\u1eddng r\u1eebng, thu\u1ed9c Vi\u1ec7n Khoa h\u1ecdc L\u00e2m nghi\u1ec7p Vi\u1ec7t Nam, \u0111\u00e3 t\u1ed5 ch\u1ee9c H\u1ed9i th\u1ea3o kh\u1edfi \u0111\u1ed9ng D\u1ef1 \u00e1n \u201cPh\u1ee5c h\u1ed3i \u0111\u1ea5t l\u00e2m nghi\u1ec7p b\u1ecb suy tho\u00e1i c\u00f3 kh\u1ea3 n\u0103ng sa m\u1ea1c h\u00f3a t\u1ea1i v\u00f9ng T\u00e2y B\u1eafc Vi\u1ec7t Nam b\u1eb1ng c\u00e1c bi\u1ec7n ph\u00e1p k\u1ef9 thu\u1eadt t\u1ed5ng h\u1ee3p\u201d \u0111\u01b0\u1ee3c t\u00e0i tr\u1ee3 b\u1edfi Ch\u00ednh ph\u1ee7 H\u00e0n Qu\u1ed1c th\u00f4ng qua T\u1ed5 ch\u1ee9c H\u1ee3p t\u00e1c r\u1eebng Ch\u00e2u \u00c1 (AFoCO).<\/p>\n<p>Tham d\u1ef1 v\u00e0 ch\u1ee7 tr\u00ec h\u1ed9i th\u1ea3o c\u00f3 GS.TS V\u00f5 \u0110\u1ea1i H\u1ea3i \u2013 Gi\u00e1m \u0111\u1ed1c Vi\u1ec7n Khoa h\u1ecdc L\u00e2m nghi\u1ec7p Vi\u1ec7t Nam, TS. L\u00ea V\u0103n Th\u00e0nh \u2013 Vi\u1ec7n tr\u01b0\u1edfng Vi\u1ec7n Nghi\u00ean c\u1ee9u Sinh th\u00e1i v\u00e0 M\u00f4i tr\u01b0\u1eddng r\u1eebng \u2013 Gi\u00e1m \u0111\u1ed1c D\u1ef1 \u00e1n, tham d\u1ef1 H\u1ed9i th\u1ea3o c\u00f2n c\u00f3 c\u00e1c \u0111\u1ea1i bi\u1ec3u: \u00d4ng Tr\u1ea7n Hi\u1ebfu Minh \u2013 \u0110\u1ea1i di\u1ec7n T\u1ed5ng c\u1ee5c L\u00e2m Nghi\u1ec7p, \u00d4ng L\u01b0u Ti\u1ebfn \u0110\u1ea1t \u2013 \u0110\u1ea7u m\u1ed1i qu\u1ed1c gia, \u0111\u1ea1i di\u1ec7n AFoCO t\u1ea1i Vi\u1ec7t Nam c\u00f9ng v\u1edbi s\u1ef1 tham gia c\u1ee7a S\u1edf NN&amp;PTNT t\u1ec9nh \u0110i\u1ec7n Bi\u00ean; Chi c\u1ee5c Ki\u1ec3m l\u00e2m t\u1ec9nh Lai Ch\u00e2u v\u00e0 m\u1ed9t s\u1ed1 t\u1ed5 ch\u1ee9c c\u00f3 li\u00ean quan.<\/p>\n<p>\u0110\u1ea1i di\u1ec7n nh\u00e0 t\u00e0i tr\u1ee3 Ban th\u01b0 k\u00fd AFoCO, tham d\u1ef1 H\u1ed9i th\u1ea3o tr\u1ef1c tuy\u1ebfn c\u00f3 \u00d4ng Orlando A. Panganiban \u2013 Gi\u00e1m \u0111\u1ed1c Ban H\u1ee3p t\u00e1c &amp; D\u1ef1 \u00e1n v\u00e0 B\u00e0 Cha Ji Yea.<\/p>\n<p style=\"text-align: center;\"><img decoding=\"async\" loading=\"lazy\" class=\"aligncenter wp-image-21795 size-medium\" src=\"http:\/\/vafs.gov.vn\/vn\/wp-content\/uploads\/sites\/2\/2022\/06\/22-06-09-HoiThao-STMT1-500x269.jpg\" alt=\"\" width=\"500\" height=\"269\" srcset=\"https:\/\/vafs.gov.vn\/vn\/wp-content\/uploads\/sites\/2\/2022\/06\/22-06-09-HoiThao-STMT1-500x269.jpg 500w, https:\/\/vafs.gov.vn\/vn\/wp-content\/uploads\/sites\/2\/2022\/06\/22-06-09-HoiThao-STMT1.jpg 527w\" sizes=\"(max-width: 500px) 100vw, 500px\" \/><em><strong>GS.TS. V\u00f5 \u0110\u1ea1i H\u1ea3i, Gi\u00e1m \u0111\u1ed1c Vi\u1ec7n KH L\u00e2m nghi\u1ec7p Vi\u1ec7t Nam ph\u00e1t bi\u1ec3u khai m\u1ea1c H\u1ed9i th\u1ea3o<\/strong><\/em><\/p>\n<p>Sau khi GS.TS V\u00f5 \u0110\u1ea1i H\u1ea3i ph\u00e1t bi\u1ec3u khai m\u1ea1c H\u1ed9i th\u1ea3o, \u00d4ng Orlando A. Panganiban &#8211; Gi\u00e1m \u0111\u1ed1c Ban H\u1ee3p t\u00e1c &amp; D\u1ef1 \u00e1n thay m\u1eb7t Ban Th\u01b0 k\u00fd AFoCO th\u00f4ng qua ch\u01b0\u01a1ng tr\u00ecnh v\u00e0 t\u00f3m t\u1eaft m\u1ee5c \u0111\u00edch c\u1ee7a h\u1ed9i th\u1ea3o. V\u1ec1 ph\u00eda ch\u1ee7 d\u1ef1 \u00e1n, TS. L\u00ea V\u0103n Th\u00e0nh &#8211; Gi\u00e1m \u0111\u1ed1c d\u1ef1 \u00e1n \u0111\u00e3 gi\u1edbi thi\u1ec7u t\u1ed5ng quan v\u1ec1 d\u1ef1 \u00e1n c\u00f9ng c\u00e1c d\u1ea5u m\u1ed1c quan tr\u1ecdng, m\u1ee5c ti\u00eau v\u00e0 c\u00e1c k\u1ebft qu\u1ea3 d\u1ef1 ki\u1ebfn \u0111\u1ea1t \u0111\u01b0\u1ee3c. Ti\u1ebfp n\u1ed1i ch\u01b0\u01a1ng tr\u00ecnh, b\u00e0 Nguy\u1ec5n Th\u00f9y M\u1ef9 Linh \u2013 \u0110i\u1ec1u ph\u1ed1i vi\u00ean d\u1ef1 \u00e1n \u0111\u00e3 c\u00f3 b\u00e0i tr\u00ecnh b\u00e0y v\u1ec1 c\u00e1c n\u1ed9i dung c\u00f4ng vi\u1ec7c, k\u1ebf ho\u1ea1ch th\u1ef1c hi\u1ec7n t\u1ed5ng th\u1ec3 v\u00e0 t\u1ed5 ch\u1ee9c d\u1ef1 \u00e1n.<\/p>\n<p><a href=\"http:\/\/vafs.gov.vn\/vn\/hoi-thao-khoi-dong-du-an-phuc-hoi-dat-lam-nghiep-bi-suy-thoai-co-kha-nang-sa-mac-hoa-tai-vung-tay-bac-viet-nam-bang-cac-bien-phap-ky-thuat-tong-hop\/22-06-09-hoithao-stmt2-2\/\" rel=\"attachment wp-att-21797\"><img decoding=\"async\" loading=\"lazy\" class=\"aligncenter wp-image-21797 size-medium\" src=\"http:\/\/vafs.gov.vn\/vn\/wp-content\/uploads\/sites\/2\/2022\/06\/22-06-09-HoiThao-STMT2-1-500x351.jpg\" alt=\"\" width=\"500\" height=\"351\" srcset=\"https:\/\/vafs.gov.vn\/vn\/wp-content\/uploads\/sites\/2\/2022\/06\/22-06-09-HoiThao-STMT2-1-500x351.jpg 500w, https:\/\/vafs.gov.vn\/vn\/wp-content\/uploads\/sites\/2\/2022\/06\/22-06-09-HoiThao-STMT2-1-768x539.jpg 768w, https:\/\/vafs.gov.vn\/vn\/wp-content\/uploads\/sites\/2\/2022\/06\/22-06-09-HoiThao-STMT2-1.jpg 1011w\" sizes=\"(max-width: 500px) 100vw, 500px\" \/><\/a><\/p>\n<p style=\"text-align: center;\"><strong><em>TS. L\u00ea V\u0103n Th\u00e0nh \u2013 Gi\u00e1m \u0111\u1ed1c d\u1ef1 \u00e1n, tr\u00ecnh b\u00e0y t\u1ea1i h\u1ed9i th\u1ea3o<\/em><\/strong><\/p>\n<p>&nbsp;<\/p>\n<p>D\u1ef1 \u00e1n \u201cPh\u1ee5c h\u1ed3i \u0111\u1ea5t l\u00e2m nghi\u1ec7p b\u1ecb suy tho\u00e1i c\u00f3 kh\u1ea3 n\u0103ng sa m\u1ea1c h\u00f3a t\u1ea1i v\u00f9ng T\u00e2y B\u1eafc Vi\u1ec7t Nam b\u1eb1ng c\u00e1c bi\u1ec7n ph\u00e1p k\u1ef9 thu\u1eadt t\u1ed5ng h\u1ee3p\u201d do Ch\u00ednh ph\u1ee7 H\u00e0n Qu\u1ed1c t\u00e0i tr\u1ee3 th\u00f4ng qua AFoCO \u0111\u01b0\u1ee3c B\u1ed9 N\u00f4ng nghi\u1ec7p v\u00e0 Ph\u00e1t tri\u1ec3n n\u00f4ng th\u00f4n ph\u00ea duy\u1ec7t v\u00e0 giao cho Vi\u1ec7n Nghi\u00ean c\u1ee9u Sinh th\u00e1i v\u00e0 M\u00f4i tr\u01b0\u1eddng r\u1eebng l\u00e0m ch\u1ee7 d\u1ef1 \u00e1n theo Quy\u1ebft \u0111\u1ecbnh s\u1ed1 1799\/Q\u0110-BNN-HTQT ng\u00e0y 20\/5\/2022. D\u1ef1 \u00e1n \u0111\u01b0\u1ee3c th\u1ef1c hi\u1ec7n t\u1eeb n\u0103m 2022-2026 v\u1edbi m\u1ee5c ti\u00eau l\u00e0 ph\u1ee5c h\u1ed3i, qu\u1ea3n l\u00fd v\u00e0 s\u1eed d\u1ee5ng b\u1ec1n v\u1eefng \u0111\u1ea5t l\u00e2m nghi\u1ec7p b\u1ecb suy tho\u00e1i c\u00f3 kh\u1ea3 n\u0103ng b\u1ecb sa m\u1ea1c h\u00f3a \u1edf v\u00f9ng T\u00e2y B\u1eafc Vi\u1ec7t Nam \u00e1p d\u1ee5ng c\u00e1c bi\u1ec7n ph\u00e1p k\u1ef9 thu\u1eadt t\u1ed5ng h\u1ee3p k\u1ebft h\u1ee3p \u1ee9ng d\u1ee5ng khoa h\u1ecdc c\u00f4ng ngh\u1ec7 ti\u00ean ti\u1ebfn, g\u00f3p ph\u1ea7n th\u1ef1c hi\u1ec7n C\u00f4ng \u01b0\u1edbc Ch\u1ed1ng sa m\u1ea1c h\u00f3a c\u1ee7a Li\u00ean H\u1ee3p Qu\u1ed1c, c\u00e1c m\u1ee5c ti\u00eau ph\u00e1t tri\u1ec3n b\u1ec1n v\u1eefng, th\u00edch \u1ee9ng v\u00e0 gi\u1ea3m nh\u1eb9 t\u00e1c \u0111\u1ed9ng c\u1ee7a bi\u1ebfn \u0111\u1ed5i kh\u00ed h\u1eadu<\/p>\n<p><a href=\"http:\/\/vafs.gov.vn\/vn\/hoi-thao-khoi-dong-du-an-phuc-hoi-dat-lam-nghiep-bi-suy-thoai-co-kha-nang-sa-mac-hoa-tai-vung-tay-bac-viet-nam-bang-cac-bien-phap-ky-thuat-tong-hop\/22-06-09-hoithao-stmt3\/\" rel=\"attachment wp-att-21798\"><img decoding=\"async\" loading=\"lazy\" class=\"aligncenter wp-image-21798 size-medium\" src=\"http:\/\/vafs.gov.vn\/vn\/wp-content\/uploads\/sites\/2\/2022\/06\/22-06-09-HoiThao-STMT3-500x339.jpg\" alt=\"\" width=\"500\" height=\"339\" srcset=\"https:\/\/vafs.gov.vn\/vn\/wp-content\/uploads\/sites\/2\/2022\/06\/22-06-09-HoiThao-STMT3-500x339.jpg 500w, https:\/\/vafs.gov.vn\/vn\/wp-content\/uploads\/sites\/2\/2022\/06\/22-06-09-HoiThao-STMT3-768x520.jpg 768w, https:\/\/vafs.gov.vn\/vn\/wp-content\/uploads\/sites\/2\/2022\/06\/22-06-09-HoiThao-STMT3.jpg 926w\" sizes=\"(max-width: 500px) 100vw, 500px\" \/><\/a><\/p>\n<p style=\"text-align: center;\"><strong><em>\u00d4ng <\/em><\/strong><strong><em>Orlando A. Panganiban \u2013ph\u00e1t bi\u1ec3u t\u1ea1i h\u1ed9i th\u1ea3o<\/em><\/strong><\/p>\n<p>Ph\u00e1t bi\u1ec3u t\u1ea1i H\u1ed9i th\u1ea3o, \u0111\u1ea1i di\u1ec7n t\u1eeb ph\u00eda T\u1ed5ng c\u1ee5c L\u00e2m nghi\u1ec7p v\u00e0 Vi\u1ec7n Khoa h\u1ecdc L\u00e2m nghi\u1ec7p Vi\u1ec7t Nam \u0111\u1ec1u nh\u1ea5n m\u1ea1nh vai tr\u00f2 v\u00e0 t\u1ea7m quan tr\u1ecdng c\u1ee7a D\u1ef1 \u00e1n trong vi\u1ec7c h\u1ed7 tr\u1ee3 th\u00fac \u0111\u1ea9y ph\u1ee5c h\u1ed3i r\u1eebng tr\u00ean \u0111\u1ea5t tho\u00e1i h\u00f3a \u1edf v\u00f9ng n\u00fai ph\u00eda T\u00e2y B\u1eafc b\u1eb1ng c\u00e1c bi\u1ec7n ph\u00e1p k\u0129 thu\u1eadt t\u1ed5ng h\u1ee3p, \u0111\u1ed3ng th\u1eddi t\u0103ng c\u01b0\u1eddng n\u0103ng l\u1ef1c nghi\u00ean c\u1ee9u cho c\u00e1c c\u00e1n b\u1ed9 c\u1ee7a Vi\u1ec7n v\u00e0 c\u00e1c \u0111\u01a1n v\u1ecb\/t\u1ed5 ch\u1ee9c li\u00ean quan. C\u00e1c \u0111\u1ea1i bi\u1ec3u t\u1eeb c\u00e1c c\u01a1 quan, \u0111\u01a1n v\u1ecb li\u00ean quan tham gia ph\u1ed1i h\u1ee3p \u0111\u00e3 th\u1ea3o lu\u1eadn v\u00e0 \u0111\u01b0a ra c\u00e1c \u00fd ki\u1ebfn \u0111\u00f3ng g\u00f3p cho d\u1ef1 \u00e1n. H\u1ed9i th\u1ea3o c\u0169ng nh\u1eadn \u0111\u01b0\u1ee3c nhi\u1ec1u \u00fd ki\u1ebfn \u0111\u1ed3ng t\u00ecnh, \u1ee7ng h\u1ed9 v\u00e0 cam k\u1ebft ph\u1ed1i h\u1ee3p, h\u1ed7 tr\u1ee3 th\u1ef1c hi\u1ec7n d\u1ef1 \u00e1n c\u1ee7a \u0111\u1ea1i di\u1ec7n c\u00e1c \u0111\u1ecba ph\u01b0\u01a1ng v\u00e0 c\u00e1c b\u00ean tham gia d\u1ef1 \u00e1n.<\/p>\n<p><a href=\"http:\/\/vafs.gov.vn\/vn\/hoi-thao-khoi-dong-du-an-phuc-hoi-dat-lam-nghiep-bi-suy-thoai-co-kha-nang-sa-mac-hoa-tai-vung-tay-bac-viet-nam-bang-cac-bien-phap-ky-thuat-tong-hop\/22-06-09-hoithao-stmt4\/\" rel=\"attachment wp-att-21799\"><img decoding=\"async\" loading=\"lazy\" class=\"aligncenter wp-image-21799 size-medium\" src=\"http:\/\/vafs.gov.vn\/vn\/wp-content\/uploads\/sites\/2\/2022\/06\/22-06-09-HoiThao-STMT4-500x216.jpg\" alt=\"\" width=\"500\" height=\"216\" srcset=\"https:\/\/vafs.gov.vn\/vn\/wp-content\/uploads\/sites\/2\/2022\/06\/22-06-09-HoiThao-STMT4-500x216.jpg 500w, https:\/\/vafs.gov.vn\/vn\/wp-content\/uploads\/sites\/2\/2022\/06\/22-06-09-HoiThao-STMT4-768x332.jpg 768w, https:\/\/vafs.gov.vn\/vn\/wp-content\/uploads\/sites\/2\/2022\/06\/22-06-09-HoiThao-STMT4-1024x443.jpg 1024w, https:\/\/vafs.gov.vn\/vn\/wp-content\/uploads\/sites\/2\/2022\/06\/22-06-09-HoiThao-STMT4.jpg 1400w\" sizes=\"(max-width: 500px) 100vw, 500px\" \/><\/a><\/p>\n<p style=\"text-align: center;\"><em><strong>\u00d4ng Tr\u1ea7n Hi\u1ebfu Minh \u2013 T\u1ed5ng c\u1ee5c L\u00e2m nghi\u1ec7p ph\u00e1t bi\u1ec3u t\u1ea1i H\u1ed9i th\u1ea3o<\/strong><\/em><\/p>\n<p>C\u0169ng t\u1ea1i H\u1ed9i th\u1ea3o, Ban th\u01b0 k\u00fd AFoCO c\u00f9ng v\u1edbi Ban Qu\u1ea3n l\u00fd d\u1ef1 \u00e1n \u0111\u00e3 c\u00f3 cu\u1ed9c h\u1ecdp th\u1ea3o lu\u1eadn v\u00e0 th\u1ed1ng nh\u1ea5t c\u00e1c gi\u1ea3i ph\u00e1p v\u00e0 ti\u1ebfn tr\u00ecnh th\u1ef1c hi\u1ec7n d\u1ef1 \u00e1n nh\u1eb1m \u0111\u1ea3m b\u1ea3o \u0111\u1ea1t \u0111\u01b0\u1ee3c c\u00e1c m\u1ee5c ti\u00eau \u0111\u00e3 \u0111\u1ec1 ra.<\/p>\n<p>K\u1ebft th\u00fac H\u1ed9i th\u1ea3o, GS. TS. V\u00f5 \u0110\u1ea1i H\u1ea3i \u0111\u00e3 ghi nh\u1eadn nh\u1eefng \u00fd ki\u1ebfn v\u00e0 \u0111\u00f3ng g\u00f3p c\u1ee7a c\u00e1c \u0110\u1ea1i bi\u1ec3u v\u00e0 th\u00e0nh vi\u00ean tham d\u1ef1 h\u1ed9i th\u1ea3o, \u0111\u00f3 l\u00e0 nh\u1eefng \u0111\u00f3ng g\u00f3p quan tr\u1ecdng cho vi\u1ec7c tri\u1ec3n khai d\u1ef1 \u00e1n hi\u1ec7u qu\u1ea3, \u0111\u00fang ti\u1ebfn \u0111\u1ed9.<\/p>\n<p>&nbsp;<\/p>\n","protected":false},"excerpt":{"rendered":"<p>Ng\u00e0y 9 th\u00e1ng 6 n\u0103m 2022, Vi\u1ec7n Nghi\u00ean c\u1ee9u Sinh th\u00e1i v\u00e0 M\u00f4i tr\u01b0\u1eddng r\u1eebng, thu\u1ed9c Vi\u1ec7n Khoa h\u1ecdc L\u00e2m nghi\u1ec7p Vi\u1ec7t Nam, \u0111\u00e3 t\u1ed5 ch\u1ee9c H\u1ed9i th\u1ea3o kh\u1edfi \u0111\u1ed9ng D\u1ef1 \u00e1n \u201cPh\u1ee5c h\u1ed3i \u0111\u1ea5t l\u00e2m nghi\u1ec7p b\u1ecb suy tho\u00e1i c\u00f3 kh\u1ea3 n\u0103ng sa m\u1ea1c h\u00f3a t\u1ea1i v\u00f9ng T\u00e2y B\u1eafc Vi\u1ec7t Nam b\u1eb1ng c\u00e1c bi\u1ec7n [&hellip;]<\/p>\n","protected":false},"author":2,"featured_media":21795,"comment_status":"open","ping_status":"open","sticky":false,"template":"","format":"standard","meta":[],"categories":[51,72],"tags":[],"_links":{"self":[{"href":"https:\/\/vafs.gov.vn\/vn\/wp-json\/wp\/v2\/posts\/21794"}],"collection":[{"href":"https:\/\/vafs.gov.vn\/vn\/wp-json\/wp\/v2\/posts"}],"about":[{"href":"https:\/\/vafs.gov.vn\/vn\/wp-json\/wp\/v2\/types\/post"}],"author":[{"embeddable":true,"href":"https:\/\/vafs.gov.vn\/vn\/wp-json\/wp\/v2\/users\/2"}],"replies":[{"embeddable":true,"href":"https:\/\/vafs.gov.vn\/vn\/wp-json\/wp\/v2\/comments?post=21794"}],"version-history":[{"count":2,"href":"https:\/\/vafs.gov.vn\/vn\/wp-json\/wp\/v2\/posts\/21794\/revisions"}],"predecessor-version":[{"id":21801,"href":"https:\/\/vafs.gov.vn\/vn\/wp-json\/wp\/v2\/posts\/21794\/revisions\/21801"}],"wp:featuredmedia":[{"embeddable":true,"href":"https:\/\/vafs.gov.vn\/vn\/wp-json\/wp\/v2\/media\/21795"}],"wp:attachment":[{"href":"https:\/\/vafs.gov.vn\/vn\/wp-json\/wp\/v2\/media?parent=21794"}],"wp:term":[{"taxonomy":"category","embeddable":true,"href":"https:\/\/vafs.gov.vn\/vn\/wp-json\/wp\/v2\/categories?post=21794"},{"taxonomy":"post_tag","embeddable":true,"href":"https:\/\/vafs.gov.vn\/vn\/wp-json\/wp\/v2\/tags?post=21794"}],"curies":[{"name":"wp","href":"https:\/\/api.w.org\/{rel}","templated":true}]}}