{"id":21208,"date":"2021-08-27T08:41:32","date_gmt":"2021-08-27T01:41:32","guid":{"rendered":"http:\/\/vafs.gov.vn\/vn\/?p=21208"},"modified":"2023-11-02T09:40:07","modified_gmt":"2023-11-02T02:40:07","slug":"tien-bo-ky-thuat-linh-vuc-cong-nghiep-rung","status":"publish","type":"post","link":"https:\/\/vafs.gov.vn\/vn\/tien-bo-ky-thuat-linh-vuc-cong-nghiep-rung\/","title":{"rendered":"Ti\u1ebfn b\u1ed9 k\u1ef9 thu\u1eadt l\u0129nh v\u1ef1c c\u00f4ng nghi\u1ec7p r\u1eebng"},"content":{"rendered":"<p>1.\u00a0<a href=\"http:\/\/vafs.gov.vn\/vn\/nha-giam-hom-cay-lam-nghiep-cai-tien\/\">Nh\u00e0 gi\u00e2m hom c\u00e2y l\u00e2m nghi\u1ec7p c\u1ea3i ti\u1ebfn<\/a><\/p>\n<p>2.\u00a0<a href=\"http:\/\/vafs.gov.vn\/vn\/cong-nghe-san-xuat-van-ep-nhieu-lop-bien-tinh-kich-thuoc-lon-tu-go-bach-dan-urophylla-eucalyptus-urophylla-lam-vat-lieu-dong-tau-di-bien\/\">C\u00f4ng ngh\u1ec7 s\u1ea3n xu\u1ea5t v\u00e1n \u00e9p nhi\u1ec1u l\u1edbp bi\u1ebfn t\u00ednh, k\u00edch th\u01b0\u1edbc l\u1edbn t\u1eeb g\u1ed7 B\u1ea1ch \u0111\u00e0n Urophylla (<em>Eucalyptus urophylla<\/em>) l\u00e0m v\u1eadt li\u1ec7u \u0111\u00f3ng t\u00e0u \u0111i bi\u1ec3n<\/a><\/p>\n<p>3.\u00a0<a href=\"http:\/\/vafs.gov.vn\/vn\/son-chong-ha-c-ha16-dung-cho-tau-thuyen-go-di-bien\/\">S\u01a1n ch\u1ed1ng h\u00e0 C.HA16 d\u00f9ng cho t\u00e0u thuy\u1ec1n g\u1ed7 \u0111i bi\u1ec3n<\/a><\/p>\n<p>4.\u00a0<a href=\"http:\/\/vafs.gov.vn\/vn\/qui-trinh-cong-nghe-tao-san-pham-go-khoi-tu-van-boc-go-keo\/\">Qui tr\u00ecnh c\u00f4ng ngh\u1ec7 t\u1ea1o s\u1ea3n ph\u1ea9m g\u1ed7 kh\u1ed1i t\u1eeb v\u00e1n b\u00f3c g\u1ed7 Keo<\/a><\/p>\n<p>5.\u00a0<a href=\"http:\/\/vafs.gov.vn\/vn\/quy-trinh-ky-thuat-bao-quan-go-nguyen-lieu-san-xuat-do-moc-bang-che-pham-borag1-va-borag2\/\">Quy tr\u00ecnh k\u1ef9 thu\u1eadt b\u1ea3o qu\u1ea3n g\u1ed7 nguy\u00ean li\u1ec7u s\u1ea3n xu\u1ea5t \u0111\u1ed3 m\u1ed9c b\u1eb1ng ch\u1ebf ph\u1ea9m BORAG1 v\u00e0 BORAG2<\/a><\/p>\n<p>6.\u00a0<a href=\"http:\/\/vafs.gov.vn\/vn\/van-dam-sinh-hoc-cr-b18-dung-lam-vat-lieu-cach-am-cach-nhiet\/\">V\u00e1n d\u0103m sinh h\u1ecdc CR-B18 d\u00f9ng l\u00e0m v\u1eadt li\u1ec7u c\u00e1ch \u00e2m, c\u00e1ch nhi\u1ec7t<\/a><\/p>\n<p>7.\u00a0<a href=\"http:\/\/vafs.gov.vn\/vn\/quy-trinh-cong-nghe-san-xuat-va-bao-quan-van-lang-tu-go-de-do\/\">Quy tr\u00ecnh c\u00f4ng ngh\u1ec7 s\u1ea3n xu\u1ea5t v\u00e0 b\u1ea3o qu\u1ea3n v\u00e1n l\u1ea1ng t\u1eeb g\u1ed7 D\u1ebb \u0111\u1ecf<\/a><\/p>\n<p>8.\u00a0<a href=\"http:\/\/vafs.gov.vn\/vn\/quy-trinh-ky-thuat-say-so-bo-go-xe-rung-trong-bang-nang-luong-mat-troi\/\">Quy tr\u00ecnh k\u1ef9 thu\u1eadt s\u1ea5y s\u01a1 b\u1ed9 g\u1ed7 x\u1ebb r\u1eebng tr\u1ed3ng b\u1eb1ng n\u0103ng l\u01b0\u1ee3ng m\u1eb7t tr\u1eddi<\/a><\/p>\n<p>9.\u00a0<a href=\"http:\/\/vafs.gov.vn\/vn\/quy-trinh-cong-nghe-san-xuat-va-bao-quan-van-boc-tu-go-boi-loi-vang-litsea-pierrei-lecomte\/\">Quy tr\u00ecnh c\u00f4ng ngh\u1ec7 s\u1ea3n xu\u1ea5t v\u00e0 b\u1ea3o qu\u1ea3n v\u00e1n b\u00f3c t\u1eeb g\u1ed7 B\u1eddi l\u1eddi v\u00e0ng (<em>Litsea pierrei<\/em> Lecomte)<\/a><\/p>\n<p>10.\u00a0<a href=\"http:\/\/vafs.gov.vn\/vn\/san-pham-keo-muf-e1-m13-chat-luong-cao-dung-cho-san-xuat-van-dan\/\">S\u1ea3n ph\u1ea9m keo MUF-E1.M13 ch\u1ea5t l\u01b0\u1ee3ng cao d\u00f9ng cho s\u1ea3n xu\u1ea5t v\u00e1n d\u00e1n<\/a><\/p>\n<p>11.\u00a0K\u1ef9 thu\u1eadt s\u01a1 ch\u1ebf v\u00e0 b\u1ea3o qu\u1ea3n v\u1ecf qu\u1ebf<\/p>\n<p>12.\u00a0Quy tr\u00ecnh c\u00f4ng ngh\u1ec7 s\u1ea3n xu\u1ea5t g\u1ed7 gh\u00e9p kh\u1ed1i t\u1eeb h\u1ed7n h\u1ee3p v\u00e1n b\u00f3c g\u1ed7 B\u1ea1ch \u0111\u00e0n ur\u00f4 v\u00e0 M\u1ee1 s\u1eed d\u1ee5ng l\u00e0m \u0111\u1ed3 g\u1ed7 n\u1ed9i th\u1ea5t v\u00e0 m\u1ef9 ngh\u1ec7.<\/p>\n<p>13.\u00a0S\u1ea3n ph\u1ea9m tre \u00e9p kh\u1ed1i l\u00e0m v\u1eadt li\u1ec7u x\u00e2y d\u1ef1ng<\/p>\n<p>14.\u00a0S\u1ea3n ph\u1ea9m tre \u00e9p kh\u1ed1i l\u00e0m v\u1eadt li\u1ec7u n\u1ed9i th\u1ea5t<\/p>\n<p>15.<\/p>\n<p>&nbsp;<\/p>\n","protected":false},"excerpt":{"rendered":"<p>1.\u00a0Nh\u00e0 gi\u00e2m hom c\u00e2y l\u00e2m nghi\u1ec7p c\u1ea3i ti\u1ebfn 2.\u00a0C\u00f4ng ngh\u1ec7 s\u1ea3n xu\u1ea5t v\u00e1n \u00e9p nhi\u1ec1u l\u1edbp bi\u1ebfn t\u00ednh, k\u00edch th\u01b0\u1edbc l\u1edbn t\u1eeb g\u1ed7 B\u1ea1ch \u0111\u00e0n Urophylla (Eucalyptus urophylla) l\u00e0m v\u1eadt li\u1ec7u \u0111\u00f3ng t\u00e0u \u0111i bi\u1ec3n 3.\u00a0S\u01a1n ch\u1ed1ng h\u00e0 C.HA16 d\u00f9ng cho t\u00e0u thuy\u1ec1n g\u1ed7 \u0111i bi\u1ec3n 4.\u00a0Qui tr\u00ecnh c\u00f4ng ngh\u1ec7 t\u1ea1o s\u1ea3n ph\u1ea9m g\u1ed7 kh\u1ed1i [&hellip;]<\/p>\n","protected":false},"author":2,"featured_media":0,"comment_status":"open","ping_status":"open","sticky":false,"template":"","format":"standard","meta":[],"categories":[174],"tags":[],"_links":{"self":[{"href":"https:\/\/vafs.gov.vn\/vn\/wp-json\/wp\/v2\/posts\/21208"}],"collection":[{"href":"https:\/\/vafs.gov.vn\/vn\/wp-json\/wp\/v2\/posts"}],"about":[{"href":"https:\/\/vafs.gov.vn\/vn\/wp-json\/wp\/v2\/types\/post"}],"author":[{"embeddable":true,"href":"https:\/\/vafs.gov.vn\/vn\/wp-json\/wp\/v2\/users\/2"}],"replies":[{"embeddable":true,"href":"https:\/\/vafs.gov.vn\/vn\/wp-json\/wp\/v2\/comments?post=21208"}],"version-history":[{"count":14,"href":"https:\/\/vafs.gov.vn\/vn\/wp-json\/wp\/v2\/posts\/21208\/revisions"}],"predecessor-version":[{"id":23106,"href":"https:\/\/vafs.gov.vn\/vn\/wp-json\/wp\/v2\/posts\/21208\/revisions\/23106"}],"wp:attachment":[{"href":"https:\/\/vafs.gov.vn\/vn\/wp-json\/wp\/v2\/media?parent=21208"}],"wp:term":[{"taxonomy":"category","embeddable":true,"href":"https:\/\/vafs.gov.vn\/vn\/wp-json\/wp\/v2\/categories?post=21208"},{"taxonomy":"post_tag","embeddable":true,"href":"https:\/\/vafs.gov.vn\/vn\/wp-json\/wp\/v2\/tags?post=21208"}],"curies":[{"name":"wp","href":"https:\/\/api.w.org\/{rel}","templated":true}]}}