{"id":18944,"date":"2019-06-10T13:47:08","date_gmt":"2019-06-10T06:47:08","guid":{"rendered":"http:\/\/vafs.gov.vn\/vn\/?p=18944"},"modified":"2019-09-11T09:08:26","modified_gmt":"2019-09-11T02:08:26","slug":"kiem-tra-hien-truong-thuc-hien-cac-de-tai-khcn-cap-bo%cc%a3-tai-tinh-thai-binh","status":"publish","type":"post","link":"https:\/\/vafs.gov.vn\/vn\/kiem-tra-hien-truong-thuc-hien-cac-de-tai-khcn-cap-bo%cc%a3-tai-tinh-thai-binh\/","title":{"rendered":"Ki\u1ec3m tra hi\u1ec7n tr\u01b0\u1eddng th\u1ef1c hi\u1ec7n c\u00e1c \u0110\u00ea\u0300 ta\u0300i KHCN c\u00e2\u0301p B\u00f4\u0323 t\u1ea1i t\u1ec9nh Tha\u0301i Bi\u0300nh"},"content":{"rendered":"<p style=\"text-align: left;\">Th\u1ef1c hi\u1ec7n quy ch\u1ebf Qu\u1ea3n l\u00fd \u0111\u1ec1 t\u00e0i\/d\u1ef1 \u00e1n Khoa h\u1ecdc C\u00f4ng ngh\u1ec7, ng\u00e0y 05\/9\/2019 \u0111o\u00e0n c\u00f4ng t\u00e1c c\u1ee7a B\u1ed9 N\u00f4ng nghi\u1ec7p v\u00e0 Ph\u00e1t tri\u1ec3n N\u00f4ng th\u00f4n c\u00f9ng Vi\u1ec7n Khoa h\u1ecdc L\u00e2m nghi\u1ec7p Vi\u1ec7t Nam \u0111\u00e3 t\u1ed5 ch\u1ee9c ki\u1ec3m tra hi\u1ec7n tr\u01b0\u1eddng th\u1ef1c hi\u1ec7n ta\u0323i ti\u0309nh Tha\u0301i Bi\u0300nh cu\u0309a c\u00e1c \u0111\u00ea\u0300 ta\u0300i KHCN c\u00e2\u0301p B\u00f4\u0323, tham gia \u0111o\u00e0n ki\u1ec3m tra g\u1ed3m c\u00f3:<br \/>\n1. \u0110\u1ea1i di\u1ec7n V\u1ee5 Khoa h\u1ecdc, C\u00f4ng ngh\u1ec7 v\u00e0 M\u00f4i tr\u01b0\u1eddng:<br \/>\n\u2013 B\u00e0: Nguy\u1ec5n Th\u1ecb H\u1ea3i H\u00f2a \u2013 Chuy\u00ean vi\u00ean<br \/>\n2. \u0110\u1ea1i di\u1ec7n T\u1ed5ng c\u1ee5c L\u00e2m nghi\u1ec7p:<br \/>\n\u2013 Ba\u0300: Vu\u0303 Thi\u0323 L\u00ea L\u01b0\u01a1ng \u2013 Pho\u0301 V\u1ee5 tr\u01b0\u1edfng V\u1ee5 K\u00ea\u0301 hoa\u0323ch, Ta\u0300i chi\u0301nh<br \/>\n\u2013 Ba\u0300: Nghi\u00eam Ph\u01b0\u01a1ng Thu\u0301y \u2013 Chuy\u00ean vi\u00ean V\u1ee5 KHCN&amp;HTQT<br \/>\n3. \u0110o\u00e0n c\u00f4ng t\u00e1c c\u1ee7a Vi\u1ec7n Khoa h\u1ecdc L\u00e2m nghi\u1ec7p Vi\u1ec7t Nam:<br \/>\n\u2013 B\u00e0: Nguy\u1ec5n Th\u1ecb B\u00edch Ng\u1ecdc \u2013 Ph\u00f3 Gi\u00e1m \u0111\u1ed1c Vi\u1ec7n<br \/>\n\u2013 Ba\u0300: Nguy\u00ea\u0303n Thi\u0323 Ngo\u0323c Ha\u0300 \u2013 Pho\u0301 tr\u01b0\u01a1\u0309ng Ban Ta\u0300i chi\u0301nh, K\u00ea\u0301 toa\u0301n<br \/>\n\u2013 \u00d4ng: Cao V\u0103n La\u0323ng \u2013 Chuy\u00ean vi\u00ean Ban K\u00ea\u0301 hoa\u0323ch, Khoa ho\u0323c<br \/>\n\u0110o\u00e0n c\u00f4ng t\u00e1c \u0111\u00e3 ki\u1ec3m tra hi\u1ec7n tr\u01b0\u1eddng c\u1ee7a 02 \u0111\u00ea\u0300 ta\u0300i KHCN c\u00e2\u0301p B\u00f4\u0323 g\u00f4\u0300m:<br \/>\n1. \u0110\u00ea\u0300 ta\u0300i \u201cNghi\u00ean c\u1ee9u k\u1ef9 thu\u1eadt tr\u1ed3ng B\u1ea7n kh\u00f4ng c\u00e1nh (<em>Sonneratia apetala<\/em> Buch-Ham) g\u00f3p ph\u1ea7n ph\u00f2ng ch\u1ed1ng thi\u00ean tai v\u00e0 \u1ee9ng ph\u00f3 v\u1edbi bi\u1ebfn \u0111\u1ed5i kh\u00ed h\u1eadu \u1edf v\u00f9ng c\u1eeda s\u00f4ng, ven bi\u1ec3n B\u1eafc B\u1ed9 v\u00e0 B\u1eafc Trung B\u1ed9\u201d do TS. L\u00ea V\u0103n Tha\u0300nh la\u0300m chu\u0309 nhi\u00ea\u0323m, th\u01a1\u0300i gian th\u01b0\u0323c hi\u00ea\u0323n t\u01b0\u0300 n\u0103m 2017-2021. Ta\u0323i ti\u0309nh Tha\u0301i Bi\u0300nh \u0111\u00ea\u0300 ta\u0300i \u0111a\u0303 x\u00e2y d\u01b0\u0323ng \u0111\u01b0\u01a1\u0323c 0,75ha m\u00f4 hi\u0300nh kha\u0309o nghi\u00ea\u0323m xu\u00e2\u0301t x\u01b0\u0301, 1 ha m\u00f4 hi\u0300nh kha\u0309o nghi\u00ea\u0323m h\u00e2\u0323u th\u00ea\u0301 k\u00ea\u0301t h\u01a1\u0323p x\u00e2y d\u01b0\u0323ng v\u01b0\u01a1\u0300n gi\u00f4\u0301ng h\u01b0\u0303u ti\u0301nh va\u0300 3,5 ha m\u00f4 hi\u0300nh thi\u0301 nghi\u00ea\u0323m ca\u0301c bi\u00ea\u0323n pha\u0301p ky\u0303 thu\u00e2\u0323t tr\u00f4\u0300ng B\u00e2\u0300n kh\u00f4ng ca\u0301nh. Ca\u0301c m\u00f4 hi\u0300nh thi\u0301 nghi\u00ea\u0323m \u0111\u01b0\u01a1\u0323c thi\u00ea\u0301t k\u00ea\u0301 va\u0300 x\u00e2y d\u01b0\u0323ng theo \u0111u\u0301ng k\u00ea\u0301 hoa\u0323ch trong thuy\u00ea\u0301t minh t\u00f4\u0309ng th\u00ea\u0309 \u0111a\u0303 \u0111\u01b0\u01a1\u0323c B\u00f4\u0323 ph\u00ea duy\u00ea\u0323t. C\u00e2y tr\u00f4\u0300ng trong ca\u0301c m\u00f4 hi\u0300nh thi\u0301 nghi\u00ea\u0323m sinh tr\u01b0\u01a1\u0309ng va\u0300 pha\u0301t tri\u00ea\u0309n t\u00f4\u0301t.<\/p>\n<p style=\"text-align: center;\"><a href=\"http:\/\/vafs.gov.vn\/vn\/kiem-tra-hien-truong-thuc-hien-cac-de-tai-khcn-cap-bo%cc%a3-tai-tinh-thai-binh\/19-09-05-kt-dt-thaibinh1-2\/\" rel=\"attachment wp-att-18974\"><img decoding=\"async\" loading=\"lazy\" class=\"aligncenter wp-image-18974 size-medium\" src=\"http:\/\/vafs.gov.vn\/vn\/wp-content\/uploads\/sites\/2\/2019\/06\/19-09-05-KT-DT-Thaibinh1-500x304.jpg\" alt=\"\" width=\"500\" height=\"304\" srcset=\"https:\/\/vafs.gov.vn\/vn\/wp-content\/uploads\/sites\/2\/2019\/06\/19-09-05-KT-DT-Thaibinh1-500x304.jpg 500w, https:\/\/vafs.gov.vn\/vn\/wp-content\/uploads\/sites\/2\/2019\/06\/19-09-05-KT-DT-Thaibinh1-768x467.jpg 768w, https:\/\/vafs.gov.vn\/vn\/wp-content\/uploads\/sites\/2\/2019\/06\/19-09-05-KT-DT-Thaibinh1.jpg 852w\" sizes=\"(max-width: 500px) 100vw, 500px\" \/><\/a><br \/>\n<em>M\u00f4 hi\u0300nh thi\u0301 nghi\u00ea\u0323m cu\u0309a \u0111\u00ea\u0300 ta\u0300i ta\u0323i Tha\u0301i Thu\u0323y \u2013 Tha\u0301i Bi\u0300nh<\/em><\/p>\n<p>2. \u0110\u00ea\u0300 ta\u0300i \u201cNghi\u00ean c\u1ee9u c\u00e1c gi\u1ea3i ph\u00e1p k\u1ef9 thu\u1eadt ph\u1ee5c h\u1ed3i r\u1eebng ng\u1eadp m\u1eb7n b\u1ecb suy tho\u00e1i t\u1ea1i m\u1ed9t s\u1ed1 v\u00f9ng sinh th\u00e1i tr\u1ecdng \u0111i\u1ec3m ven bi\u1ec3n Vi\u1ec7t Nam (B\u1eafc B\u1ed9, \u0110\u00f4ng Nam B\u1ed9 v\u00e0 T\u00e2y Nam B\u1ed9)\u201d do TS. \u0110inh Thanh Giang la\u0300m chu\u0309 nhi\u00ea\u0323m, th\u01a1\u0300i gian th\u01b0\u0323c hi\u00ea\u0323n t\u01b0\u0300 n\u0103m 2016-2020. Ta\u0323i ti\u0309nh Tha\u0301i Bi\u0300nh \u0111\u00ea\u0300 ta\u0300i \u0111a\u0303 x\u00e2y d\u01b0\u0323ng \u0111\u01b0\u01a1\u0323c 1,2ha m\u00f4 hi\u0300nh thi\u0301 nghi\u00ea\u0323m tr\u00f4\u0300ng la\u0323i r\u01b0\u0300ng tr\u00ean r\u01b0\u0300ng ng\u00e2\u0323p m\u0103\u0323n tr\u00f4\u0300ng bi\u0323 suy thoa\u0301i va\u0300 1,2 ha m\u00f4 hi\u0300nh thi\u0301 nghi\u00ea\u0323m tr\u00f4\u0300ng la\u0323i r\u01b0\u0300ng trong ca\u0301c \u0111\u00e2\u0300m nu\u00f4i thu\u0309y sa\u0309n bo\u0309 hoang, loa\u0300i tr\u00f4\u0300ng trong ca\u0301c m\u00f4 hi\u0300nh thi\u0301 nghi\u00ea\u0323m la\u0300 loa\u0300i B\u00e2\u0300n chua. Ca\u0301c m\u00f4 hi\u0300nh thi\u0301 nghi\u00ea\u0323m \u0111\u01b0\u01a1\u0323c thi\u00ea\u0301t k\u00ea\u0301 va\u0300 x\u00e2y d\u01b0\u0323ng theo \u0111u\u0301ng k\u00ea\u0301 hoa\u0323ch trong thuy\u00ea\u0301t minh t\u00f4\u0309ng th\u00ea\u0309 \u0111a\u0303 \u0111\u01b0\u01a1\u0323c B\u00f4\u0323 ph\u00ea duy\u00ea\u0323t. C\u00e2y tr\u00f4\u0300ng trong ca\u0301c thi\u0301 nghi\u00ea\u0323m sinh tr\u01b0\u01a1\u0309ng va\u0300 pha\u0301t tri\u00ea\u0309n kha\u0301 t\u00f4\u0301t.<\/p>\n<p><a href=\"http:\/\/vafs.gov.vn\/vn\/kiem-tra-hien-truong-thuc-hien-cac-de-tai-khcn-cap-bo%cc%a3-tai-tinh-thai-binh\/19-09-05-kt-dt-thaibinh2-2\/\" rel=\"attachment wp-att-18975\"><img decoding=\"async\" loading=\"lazy\" class=\"aligncenter wp-image-18975 size-medium\" src=\"http:\/\/vafs.gov.vn\/vn\/wp-content\/uploads\/sites\/2\/2019\/06\/19-09-05-KT-DT-Thaibinh2-500x306.jpg\" alt=\"\" width=\"500\" height=\"306\" srcset=\"https:\/\/vafs.gov.vn\/vn\/wp-content\/uploads\/sites\/2\/2019\/06\/19-09-05-KT-DT-Thaibinh2-500x306.jpg 500w, https:\/\/vafs.gov.vn\/vn\/wp-content\/uploads\/sites\/2\/2019\/06\/19-09-05-KT-DT-Thaibinh2-768x470.jpg 768w, https:\/\/vafs.gov.vn\/vn\/wp-content\/uploads\/sites\/2\/2019\/06\/19-09-05-KT-DT-Thaibinh2.jpg 881w\" sizes=\"(max-width: 500px) 100vw, 500px\" \/><\/a><\/p>\n<p style=\"text-align: center;\"><em>M\u00f4 hi\u0300nh thi\u0301 nghi\u00ea\u0323m cu\u0309a \u0111\u00ea\u0300 ta\u0300i ta\u0323i Ti\u00ea\u0300n Ha\u0309i \u2013 Tha\u0301i Bi\u0300nh<\/em><\/p>\n<p>Nh\u00ecn chung ca\u0301c \u0111\u00ea\u0300 ta\u0300i \u0111\u00e3 t\u1ed5 ch\u1ee9c tri\u1ec3n khai t\u1ed1t c\u00e1c n\u1ed9i dung t\u1ea1i hi\u1ec7n tr\u01b0\u1eddng nghi\u00ean c\u1ee9u. C\u00e1c m\u00f4 h\u00ecnh th\u00ed nghi\u1ec7m \u0111\u1ec1u \u0111\u01b0\u1ee3c b\u1ed1 tr\u00ed c\u00e1c th\u00ed nghi\u1ec7m \u0111\u00fang ph\u01b0\u01a1ng ph\u00e1p, b\u1ea3o v\u1ec7 t\u1ed1t, ch\u0103m s\u00f3c \u0111\u00fang k\u1ef9 thu\u1eadt. \u0110o\u00e0n ki\u1ec3m tra \u0111\u00e3 \u0111\u00e1nh gi\u00e1 cao tr\u00e1ch nhi\u1ec7m c\u1ee7a ca\u0301c ch\u1ee7 nhi\u1ec7m va\u0300 c\u00f4\u0323ng ta\u0301c vi\u00ean \u0111\u00ea\u0300 ta\u0300i \u0111\u00e3 t\u1ed5 ch\u1ee9c t\u1ed1t c\u00e1c n\u1ed9i dung hi\u1ec7n tr\u01b0\u1eddng theo k\u1ebf ho\u1ea1ch, \u0111\u1ea3m b\u1ea3o \u0111\u00fang ti\u1ebfn \u0111\u1ed9 v\u00e0 ch\u1ea5t l\u01b0\u1ee3ng.<\/p>\n<p><a href=\"http:\/\/vafs.gov.vn\/vn\/kiem-tra-hien-truong-thuc-hien-cac-de-tai-khcn-cap-bo%cc%a3-tai-tinh-thai-binh\/19-09-05-kt-dt-thaibinh3\/\" rel=\"attachment wp-att-18977\"><img decoding=\"async\" loading=\"lazy\" class=\"aligncenter wp-image-18977 size-medium\" src=\"http:\/\/vafs.gov.vn\/vn\/wp-content\/uploads\/sites\/2\/2019\/06\/19-09-05-KT-DT-Thaibinh3-500x318.jpg\" alt=\"\" width=\"500\" height=\"318\" srcset=\"https:\/\/vafs.gov.vn\/vn\/wp-content\/uploads\/sites\/2\/2019\/06\/19-09-05-KT-DT-Thaibinh3-500x318.jpg 500w, https:\/\/vafs.gov.vn\/vn\/wp-content\/uploads\/sites\/2\/2019\/06\/19-09-05-KT-DT-Thaibinh3-768x488.jpg 768w, https:\/\/vafs.gov.vn\/vn\/wp-content\/uploads\/sites\/2\/2019\/06\/19-09-05-KT-DT-Thaibinh3.jpg 822w\" sizes=\"(max-width: 500px) 100vw, 500px\" \/><\/a><\/p>\n","protected":false},"excerpt":{"rendered":"<p>Th\u1ef1c hi\u1ec7n quy ch\u1ebf Qu\u1ea3n l\u00fd \u0111\u1ec1 t\u00e0i\/d\u1ef1 \u00e1n Khoa h\u1ecdc C\u00f4ng ngh\u1ec7, ng\u00e0y 05\/9\/2019 \u0111o\u00e0n c\u00f4ng t\u00e1c c\u1ee7a B\u1ed9 N\u00f4ng nghi\u1ec7p v\u00e0 Ph\u00e1t tri\u1ec3n N\u00f4ng th\u00f4n c\u00f9ng Vi\u1ec7n Khoa h\u1ecdc L\u00e2m nghi\u1ec7p Vi\u1ec7t Nam \u0111\u00e3 t\u1ed5 ch\u1ee9c ki\u1ec3m tra hi\u1ec7n tr\u01b0\u1eddng th\u1ef1c hi\u1ec7n ta\u0323i ti\u0309nh Tha\u0301i Bi\u0300nh cu\u0309a c\u00e1c \u0111\u00ea\u0300 ta\u0300i KHCN c\u00e2\u0301p B\u00f4\u0323, [&hellip;]<\/p>\n","protected":false},"author":2,"featured_media":0,"comment_status":"open","ping_status":"open","sticky":false,"template":"","format":"standard","meta":[],"categories":[47,72],"tags":[],"_links":{"self":[{"href":"https:\/\/vafs.gov.vn\/vn\/wp-json\/wp\/v2\/posts\/18944"}],"collection":[{"href":"https:\/\/vafs.gov.vn\/vn\/wp-json\/wp\/v2\/posts"}],"about":[{"href":"https:\/\/vafs.gov.vn\/vn\/wp-json\/wp\/v2\/types\/post"}],"author":[{"embeddable":true,"href":"https:\/\/vafs.gov.vn\/vn\/wp-json\/wp\/v2\/users\/2"}],"replies":[{"embeddable":true,"href":"https:\/\/vafs.gov.vn\/vn\/wp-json\/wp\/v2\/comments?post=18944"}],"version-history":[{"count":7,"href":"https:\/\/vafs.gov.vn\/vn\/wp-json\/wp\/v2\/posts\/18944\/revisions"}],"predecessor-version":[{"id":18949,"href":"https:\/\/vafs.gov.vn\/vn\/wp-json\/wp\/v2\/posts\/18944\/revisions\/18949"}],"wp:attachment":[{"href":"https:\/\/vafs.gov.vn\/vn\/wp-json\/wp\/v2\/media?parent=18944"}],"wp:term":[{"taxonomy":"category","embeddable":true,"href":"https:\/\/vafs.gov.vn\/vn\/wp-json\/wp\/v2\/categories?post=18944"},{"taxonomy":"post_tag","embeddable":true,"href":"https:\/\/vafs.gov.vn\/vn\/wp-json\/wp\/v2\/tags?post=18944"}],"curies":[{"name":"wp","href":"https:\/\/api.w.org\/{rel}","templated":true}]}}