{"id":17694,"date":"2018-06-21T16:47:23","date_gmt":"2018-06-21T09:47:23","guid":{"rendered":"http:\/\/vafs.gov.vn\/vn\/?p=17694"},"modified":"2018-06-21T16:48:35","modified_gmt":"2018-06-21T09:48:35","slug":"to-chuc-hoi-dong-danh-gia-luan-an-tien-si-lam-nghiep-cap-vien-cho-nghien-cuu-sinh-vu-duc-toan","status":"publish","type":"post","link":"https:\/\/vafs.gov.vn\/vn\/to-chuc-hoi-dong-danh-gia-luan-an-tien-si-lam-nghiep-cap-vien-cho-nghien-cuu-sinh-vu-duc-toan\/","title":{"rendered":"T\u1ed5 ch\u1ee9c H\u1ed9i \u0111\u1ed3ng \u0111\u00e1nh gi\u00e1 lu\u1eadn \u00e1n Ti\u1ebfn s\u0129 L\u00e2m nghi\u1ec7p c\u1ea5p Vi\u1ec7n cho Nghi\u00ean c\u1ee9u sinh B\u00f9i Tr\u1ecdng Th\u1ee7y"},"content":{"rendered":"<p>Vi\u1ec7n Khoa h\u1ecdc L\u00e2m nghi\u1ec7p Vi\u1ec7t Nam t\u1ed5 ch\u1ee9c H\u1ed9i \u0111\u1ed3ng \u0111\u00e1nh gi\u00e1 lu\u1eadn \u00e1n Ti\u1ebfn s\u0129 c\u1ea5p Vi\u1ec7n cho NCS B\u00f9i Tr\u1ecdng Th\u1ee7y v\u1edbi t\u00ean \u0111\u1ec1 t\u00e0i lu\u1eadn \u00e1n:<\/p>\n<p><strong>Nghi\u00ean c\u1ee9u ch\u1ecdn gi\u1ed1ng v\u00e0 bi\u1ec7n ph\u00e1p k\u1ef9 thu\u1eadt g\u00e2y tr\u1ed3ng c\u00e2y D\u1ebb xanh (<i>Lithocarpus pseudosundaicus <\/i>(Hickel et A.Camus) Camus) t\u1ea1i V\u0129nh Ph\u00fac v\u00e0 H\u00f2a B\u00ecnh.<\/strong><\/p>\n<p>Chuy\u00ean ng\u00e0nh: L\u00e2m sinh; m\u00e3 s\u1ed1: 9620205.<\/p>\n<p>Ng\u01b0\u1eddi h\u01b0\u1edbng d\u1eabn khoa h\u1ecdc: GS.TS V\u00f5 \u0110\u1ea1i H\u1ea3i<\/p>\n<p>Th\u1eddi gian v\u00e0 \u0111\u1ecba \u0111i\u1ec3m: v\u00e0o l\u00fac 8h30&#8242;, th\u1ee9 hai, ng\u00e0y 25 th\u00e1ng 6 n\u0103m 2018 t\u1ea1i Ph\u00f2ng H\u1ed9i th\u1ea3o t\u1ea7ng 2 nh\u00e0 7 t\u1ea7ng, Vi\u1ec7n Khoa h\u1ecdc L\u00e2m nghi\u1ec7p Vi\u1ec7t Nam, 46 \u0110\u1ee9c Th\u1eafng, Qu\u1eadn B\u1eafc T\u1eeb Li\u00eam, TP H\u00e0 N\u1ed9i<\/p>\n<p>Xin tr\u00e2n tr\u1ecdng k\u00ednh m\u1eddi qu\u00fd v\u1ecb quan t\u00e2m \u0111\u1ebfn d\u1ef1!<\/p>\n<p>Ban \u0110T,HTQT<\/p>\n","protected":false},"excerpt":{"rendered":"<p>Vi\u1ec7n Khoa h\u1ecdc L\u00e2m nghi\u1ec7p Vi\u1ec7t Nam t\u1ed5 ch\u1ee9c H\u1ed9i \u0111\u1ed3ng \u0111\u00e1nh gi\u00e1 lu\u1eadn \u00e1n Ti\u1ebfn s\u0129 c\u1ea5p Vi\u1ec7n cho NCS B\u00f9i Tr\u1ecdng Th\u1ee7y v\u1edbi t\u00ean \u0111\u1ec1 t\u00e0i lu\u1eadn \u00e1n: Nghi\u00ean c\u1ee9u ch\u1ecdn gi\u1ed1ng v\u00e0 bi\u1ec7n ph\u00e1p k\u1ef9 thu\u1eadt g\u00e2y tr\u1ed3ng c\u00e2y D\u1ebb xanh (Lithocarpus pseudosundaicus (Hickel et A.Camus) Camus) t\u1ea1i V\u0129nh Ph\u00fac v\u00e0 H\u00f2a [&hellip;]<\/p>\n","protected":false},"author":7,"featured_media":0,"comment_status":"open","ping_status":"open","sticky":false,"template":"","format":"standard","meta":[],"categories":[42,72],"tags":[],"_links":{"self":[{"href":"https:\/\/vafs.gov.vn\/vn\/wp-json\/wp\/v2\/posts\/17694"}],"collection":[{"href":"https:\/\/vafs.gov.vn\/vn\/wp-json\/wp\/v2\/posts"}],"about":[{"href":"https:\/\/vafs.gov.vn\/vn\/wp-json\/wp\/v2\/types\/post"}],"author":[{"embeddable":true,"href":"https:\/\/vafs.gov.vn\/vn\/wp-json\/wp\/v2\/users\/7"}],"replies":[{"embeddable":true,"href":"https:\/\/vafs.gov.vn\/vn\/wp-json\/wp\/v2\/comments?post=17694"}],"version-history":[{"count":2,"href":"https:\/\/vafs.gov.vn\/vn\/wp-json\/wp\/v2\/posts\/17694\/revisions"}],"predecessor-version":[{"id":17696,"href":"https:\/\/vafs.gov.vn\/vn\/wp-json\/wp\/v2\/posts\/17694\/revisions\/17696"}],"wp:attachment":[{"href":"https:\/\/vafs.gov.vn\/vn\/wp-json\/wp\/v2\/media?parent=17694"}],"wp:term":[{"taxonomy":"category","embeddable":true,"href":"https:\/\/vafs.gov.vn\/vn\/wp-json\/wp\/v2\/categories?post=17694"},{"taxonomy":"post_tag","embeddable":true,"href":"https:\/\/vafs.gov.vn\/vn\/wp-json\/wp\/v2\/tags?post=17694"}],"curies":[{"name":"wp","href":"https:\/\/api.w.org\/{rel}","templated":true}]}}