{"id":16643,"date":"2016-12-21T10:43:27","date_gmt":"2016-12-21T03:43:27","guid":{"rendered":"http:\/\/vafs.gov.vn\/vn\/?p=16643"},"modified":"2016-12-21T10:45:35","modified_gmt":"2016-12-21T03:45:35","slug":"thong-bao-ve-viec-to-chuc-le-trao-bang-tien-si-lam-nghiep-2","status":"publish","type":"post","link":"https:\/\/vafs.gov.vn\/vn\/thong-bao-ve-viec-to-chuc-le-trao-bang-tien-si-lam-nghiep-2\/","title":{"rendered":"Th\u00f4ng b\u00e1o v\u1ec1 vi\u1ec7c t\u1ed5 ch\u1ee9c l\u1ec5 trao b\u1eb1ng Ti\u1ebfn s\u0129 L\u00e2m nghi\u1ec7p"},"content":{"rendered":"<p style=\"text-align: justify\">Vi\u1ec7n Khoa h\u1ecdc L\u00e2m nghi\u1ec7p Vi\u1ec7t Nam th\u00f4ng b\u00e1o t\u1ed5 ch\u1ee9c l\u1ec5 trao b\u1eb1ng Ti\u1ebfn s\u0129 L\u00e2m nghi\u1ec7p cho 5 t\u00e2n Ti\u1ebfn s\u0129 \u0111\u00e3 b\u1ea3o v\u1ec7 th\u00e0nh c\u00f4ng lu\u1eadn \u00e1n Ti\u1ebfn s\u0129 n\u0103m 2016:<\/p>\n<p style=\"text-align: justify\"><strong>1. TS. \u0110inh Thanh Giang &#8211; Vi\u1ec7n nghi\u00ean c\u1ee9u sinh th\u00e1i v\u00e0 m\u00f4i tr\u01b0\u1eddng r\u1eebng<\/strong><\/p>\n<p style=\"text-align: justify\"><strong>2. TS. Khu\u1ea5t Th\u1ecb H\u1ea3i Ninh &#8211; Tr\u01b0\u1eddng \u0110\u1ea1i h\u1ecdc L\u00e2m nghi\u1ec7p<\/strong><\/p>\n<p style=\"text-align: justify\"><strong>3. TS. Nguy\u1ec5n Th\u1ecb Th\u00fay Nga &#8211; Trung t\u00e2m nghi\u00ean c\u1ee9u B\u1ea3o v\u1ec7 r\u1eebng<\/strong><\/p>\n<p style=\"text-align: justify\"><strong>4. TS. Tr\u1ea7n H\u1eefu Bi\u1ec3n &#8211; Vi\u1ec7n Khoa h\u1ecdc L\u00e2m nghi\u1ec7p Nam B\u1ed9<\/strong><\/p>\n<p style=\"text-align: justify\"><strong>5. TS. L\u00ea V\u0103n B\u00ecnh &#8211; Trung t\u00e2m nghi\u00ean c\u1ee9u B\u1ea3o v\u1ec7 r\u1eebng<\/strong><\/p>\n<p style=\"text-align: justify\"><strong>Th\u1eddi gian v\u00e0 \u0111\u1ecba \u0111i\u1ec3m t\u1ed5 ch\u1ee9c:<\/strong>\u00a0V\u00e0o l\u00fac 10h00&#8242;, th\u1ee9 n\u0103m, ng\u00e0y 22\/12\/2016, t\u1ea1i ph\u00f2ng 205 &#8211; khu nh\u00e0 4 t\u1ea7ng &#8211; Vi\u1ec7n Khoa h\u1ecdc L\u00e2m nghi\u1ec7p Vi\u1ec7t Nam &#8211; Ph\u01b0\u1eddng \u0110\u1ee9c Th\u1eafng &#8211; Qu\u1eadn B\u1eafc T\u1eeb Li\u00eam &#8211; H\u00e0 N\u1ed9i.<\/p>\n<p style=\"text-align: justify\">Xin k\u00ednh m\u1eddi qu\u00fd v\u1ecb quan t\u00e2m \u0111\u1ebfn d\u1ef1 v\u00e0 ch\u00fac m\u1eebng cho c\u00e1c t\u00e2n Ti\u1ebfn s\u0129.<\/p>\n","protected":false},"excerpt":{"rendered":"<p>Vi\u1ec7n Khoa h\u1ecdc L\u00e2m nghi\u1ec7p Vi\u1ec7t Nam th\u00f4ng b\u00e1o t\u1ed5 ch\u1ee9c l\u1ec5 trao b\u1eb1ng Ti\u1ebfn s\u0129 L\u00e2m nghi\u1ec7p cho 5 t\u00e2n Ti\u1ebfn s\u0129 \u0111\u00e3 b\u1ea3o v\u1ec7 th\u00e0nh c\u00f4ng lu\u1eadn \u00e1n Ti\u1ebfn s\u0129 n\u0103m 2016: 1. TS. \u0110inh Thanh Giang &#8211; Vi\u1ec7n nghi\u00ean c\u1ee9u sinh th\u00e1i v\u00e0 m\u00f4i tr\u01b0\u1eddng r\u1eebng 2. TS. Khu\u1ea5t Th\u1ecb H\u1ea3i Ninh [&hellip;]<\/p>\n","protected":false},"author":7,"featured_media":0,"comment_status":"open","ping_status":"open","sticky":false,"template":"","format":"standard","meta":[],"categories":[42,66,72],"tags":[],"_links":{"self":[{"href":"https:\/\/vafs.gov.vn\/vn\/wp-json\/wp\/v2\/posts\/16643"}],"collection":[{"href":"https:\/\/vafs.gov.vn\/vn\/wp-json\/wp\/v2\/posts"}],"about":[{"href":"https:\/\/vafs.gov.vn\/vn\/wp-json\/wp\/v2\/types\/post"}],"author":[{"embeddable":true,"href":"https:\/\/vafs.gov.vn\/vn\/wp-json\/wp\/v2\/users\/7"}],"replies":[{"embeddable":true,"href":"https:\/\/vafs.gov.vn\/vn\/wp-json\/wp\/v2\/comments?post=16643"}],"version-history":[{"count":5,"href":"https:\/\/vafs.gov.vn\/vn\/wp-json\/wp\/v2\/posts\/16643\/revisions"}],"predecessor-version":[{"id":16648,"href":"https:\/\/vafs.gov.vn\/vn\/wp-json\/wp\/v2\/posts\/16643\/revisions\/16648"}],"wp:attachment":[{"href":"https:\/\/vafs.gov.vn\/vn\/wp-json\/wp\/v2\/media?parent=16643"}],"wp:term":[{"taxonomy":"category","embeddable":true,"href":"https:\/\/vafs.gov.vn\/vn\/wp-json\/wp\/v2\/categories?post=16643"},{"taxonomy":"post_tag","embeddable":true,"href":"https:\/\/vafs.gov.vn\/vn\/wp-json\/wp\/v2\/tags?post=16643"}],"curies":[{"name":"wp","href":"https:\/\/api.w.org\/{rel}","templated":true}]}}