{"id":14345,"date":"2015-03-12T10:11:01","date_gmt":"2015-03-12T03:11:01","guid":{"rendered":"http:\/\/vafs.gov.vn\/vn\/?p=14345"},"modified":"2015-03-12T10:33:10","modified_gmt":"2015-03-12T03:33:10","slug":"ho%cc%a3i-tha%cc%89o-quoc-te-chi-tra-dich-vu-moi-truong-rung-va-ba%cc%89o-ton-da-dang-sinh-hoc","status":"publish","type":"post","link":"https:\/\/vafs.gov.vn\/vn\/ho%cc%a3i-tha%cc%89o-quoc-te-chi-tra-dich-vu-moi-truong-rung-va-ba%cc%89o-ton-da-dang-sinh-hoc\/","title":{"rendered":"H\u00f4\u0323i tha\u0309o qu\u00f4\u0301c t\u00ea\u0301:  \u201cChi tr\u1ea3 d\u1ecbch v\u1ee5 m\u00f4i tr\u01b0\u1eddng r\u1eebng va\u0300 ba\u0309o t\u00f4\u0300n \u0111a d\u1ea1ng sinh h\u1ecdc&#8221;"},"content":{"rendered":"<p>S\u00e1ng ng\u00e0y 10\/3\/2015 ta\u0323i tha\u0300nh ph\u00f4\u0301 \u0110\u00e0 L\u1ea1t, ti\u0309nh L\u00e2m \u0110\u1ed3ng, \u0111\u01b0\u1ee3c s\u1ef1 \u0111\u1ed3ng \u00fd c\u1ee7a B\u1ed9 N\u00f4ng nghi\u1ec7p v\u00e0 Ph\u00e1t tri\u1ec3n N\u00f4ng th\u00f4n, \u00a0Trung t\u00e2m Nghi\u00ean c\u1ee9u Kinh t\u1ebf L\u00e2m nghi\u1ec7p thu\u1ed9c Vi\u1ec7n Khoa h\u1ecdc L\u00e2m nghi\u1ec7p Vi\u1ec7t Nam v\u00e0 T\u1ed5 ch\u1ee9c H\u1ee3p t\u00e1c M\u00f4i tr\u01b0\u1eddng ASEAN &#8211; H\u00e0n Qu\u1ed1c (AKECU) \u0111\u00e3 t\u1ed5 ch\u1ee9c H\u00f4\u0323i tha\u0309o qu\u00f4\u0301c t\u00ea\u0301 v\u1ec1 <i>\u201cChi tr\u1ea3 d\u1ecbch v\u1ee5 m\u00f4i tr\u01b0\u1eddng r\u1eebng va\u0300 ba\u0309o t\u00f4\u0300n \u0111a d\u1ea1ng sinh h\u1ecdc&#8221;<\/i> . H\u1ed9i th\u1ea3o \u0111\u01b0\u1ee3c t\u00e0i tr\u1ee3 kinh ph\u00ed t\u1eeb Ch\u01b0\u01a1ng tr\u00ecnh AKECOP.<\/p>\n<p>\u0110\u1ebfn tham d\u01b0\u0323 h\u00f4\u0323i tha\u0309o g\u1ed3m c\u00f3 \u0111\u1ea1i bi\u1ec3u cu\u0309a T\u1ed5 ch\u1ee9c H\u1ee3p t\u00e1c M\u00f4i tr\u01b0\u1eddng ASEAN &#8211; H\u00e0n Qu\u1ed1c (AKECU), \u0110a\u0323i ho\u0323c Seoul H\u00e0n Qu\u1ed1c, \u0111a\u0323i di\u00ea\u0323n c\u00e1c c\u01a1 quan, t\u1ed5 ch\u1ee9c \u0111\u1ebfn t\u1eeb Cam-pu-chia, L\u00e0o, Philippine, T\u1ed5ng c\u1ee5c l\u00e2m nghi\u1ec7p, Vi\u1ec7n Khoa h\u1ecdc L\u00e2m nghi\u1ec7p Vi\u1ec7t Nam, Trung t\u00e2m nghi\u00ean c\u01b0\u0301u R\u01b0\u0300ng va\u0300 \u0110\u00e2\u0301t ng\u00e2\u0323p n\u01b0\u01a1\u0301c. Ngo\u00e0i ra, H\u1ed9i th\u1ea3o c\u00f2n nh\u1eadn \u0111\u01b0\u1ee3c s\u01b0\u0323 quan t\u00e2m v\u00e0 tham gia cu\u0309a c\u00e1c t\u1ed5 ch\u1ee9c t\u1ea1i \u0111i\u0323a ph\u01b0\u01a1ng nh\u01b0 S\u1edf N\u00f4ng nghi\u1ec7p v\u00e0 Ph\u00e1t tri\u1ec3n n\u00f4ng th\u00f4n t\u1ec9nh L\u00e2m \u0110\u1ed3ng, Vi\u1ec7n Khoa h\u1ecdc L\u00e2m nghi\u1ec7p Nam Trung B\u1ed9 v\u00e0 T\u00e2y Nguy\u00ean, Qu\u1ef9 B\u1ea3o v\u1ec7 v\u00e0 Ph\u00e1t tri\u1ec3n r\u1eebng t\u1ec9nh L\u00e2m \u0110\u1ed3ng, V\u01b0\u01a1\u0300n Qu\u00f4\u0301c Gia Bi \u0110u\u0301p Nu\u0301i Ba\u0300, c\u00e1c nha\u0300 nghi\u00ean c\u01b0\u0301u trong n\u01b0\u01a1\u0301c va\u0300 qu\u00f4\u0301c t\u00ea\u0301 v\u00ea\u0300 li\u0303nh v\u01b0\u0323c Chi tra\u0309 di\u0323ch vu\u0323 m\u00f4i tr\u01b0\u01a1\u0300ng r\u01b0\u0300ng va\u0300 ba\u0309o t\u00f4\u0300n \u0111a da\u0323ng sinh ho\u0323c&#8230;<\/p>\n<p style=\"text-align: center;\"><a href=\"http:\/\/vafs.gov.vn\/vn\/2015\/03\/ho%cc%a3i-tha%cc%89o-quoc-te-chi-tra-dich-vu-moi-truong-rung-va-ba%cc%89o-ton-da-dang-sinh-hoc\/15-03-10-hoithao-dalat1-2\/\" rel=\"attachment wp-att-14355\"><img decoding=\"async\" loading=\"lazy\" class=\"aligncenter  wp-image-14355\" alt=\"15-03-10 Hoithao Dalat1\" src=\"http:\/\/vafs.gov.vn\/vn\/wp-content\/uploads\/sites\/2\/2015\/03\/15-03-10-Hoithao-Dalat11.jpg\" width=\"509\" height=\"406\" srcset=\"https:\/\/vafs.gov.vn\/vn\/wp-content\/uploads\/sites\/2\/2015\/03\/15-03-10-Hoithao-Dalat11.jpg 636w, https:\/\/vafs.gov.vn\/vn\/wp-content\/uploads\/sites\/2\/2015\/03\/15-03-10-Hoithao-Dalat11-500x398.jpg 500w\" sizes=\"(max-width: 509px) 100vw, 509px\" \/><\/a><\/p>\n<p>Pha\u0301t bi\u00ea\u0309u khai ma\u0323c t\u1ea1i h\u1ed9i th\u1ea3o GS.TS. Vo\u0303 \u0110a\u0323i Ha\u0309i, Gia\u0301m \u0111\u00f4\u0301c Vi\u00ea\u0323n Khoa ho\u0323c L\u00e2m nghi\u00ea\u0323p Vi\u00ea\u0323t Nam \u0111a\u0303 nh\u1ea5n m\u1ea1nh vi\u1ec7c n\u00e2ng cao nh\u1eadn th\u1ee9c v\u1ec1 t\u1ea7m quan tr\u1ecdng c\u1ee7a chi tr\u1ea3 d\u1ecbch v\u1ee5 m\u00f4i tr\u01b0\u1eddng r\u1eebng trong vi\u1ec7c b\u1ea3o t\u1ed3n \u0111a d\u1ea1ng sinh h\u1ecdc va\u0300 chi\u1ebfn l\u01b0\u1ee3c qu\u1ea3n l\u00fd r\u1eebng b\u1ec1n v\u1eefng cu\u0309a ca\u0301c n\u01b0\u01a1\u0301c tha\u0300nh vi\u00ean trong ASEAN, trong \u0111o\u0301 t\u00e2\u0323p trung chu\u0309 y\u00ea\u0301u cho 4 n\u01b0\u01a1\u0301c: Cam-pu-chia; La\u0300o; Myanmar va\u0300 Vi\u00ea\u0323t Nam; H\u1ed9i th\u1ea3o c\u1ea7n la\u0300m ro\u0303 h\u01a1n c\u01a1 s\u01a1\u0309 khoa ho\u0323c, v\u00e0 chia s\u1ebb kinh nghi\u00ea\u0323m th\u1ef1c ti\u1ec5n ph\u00f9 h\u1ee3p gi\u1eefa c\u00e1c qu\u1ed1c gia th\u00e0nh vi\u00ean ASEAN v\u1ec1 chi tr\u1ea3 di\u0323ch vu\u0323 m\u00f4i tr\u01b0\u01a1\u0300ng r\u01b0\u0300ng v\u00e0 b\u1ea3o t\u1ed3n \u0111a d\u1ea1ng sinh h\u1ecdc.<\/p>\n<p>H\u1ed9i Th\u1ea3o s\u1ebd di\u1ec5n ra trong 4 ng\u00e0y t\u1eeb 10 \u2013 14\/3\/2015.<\/p>\n<p><b>M\u00f4\u0323t s\u00f4\u0301 hi\u0300nh a\u0309nh v\u00ea\u0300 h\u1ed9i th\u1ea3o<\/b><\/p>\n<p style=\"text-align: center;\"><a href=\"http:\/\/vafs.gov.vn\/vn\/2015\/03\/ho%cc%a3i-tha%cc%89o-quoc-te-chi-tra-dich-vu-moi-truong-rung-va-ba%cc%89o-ton-da-dang-sinh-hoc\/15-03-10-hoithao-dalat3\/\" rel=\"attachment wp-att-14351\"><img decoding=\"async\" loading=\"lazy\" class=\"aligncenter\" alt=\"15-03-10 Hoithao Dalat3\" src=\"http:\/\/vafs.gov.vn\/vn\/wp-content\/uploads\/sites\/2\/2015\/03\/15-03-10-Hoithao-Dalat3.jpg\" width=\"528\" height=\"354\" \/><\/a><\/p>\n<p style=\"text-align: center;\"><a href=\"http:\/\/vafs.gov.vn\/vn\/2015\/03\/ho%cc%a3i-tha%cc%89o-quoc-te-chi-tra-dich-vu-moi-truong-rung-va-ba%cc%89o-ton-da-dang-sinh-hoc\/15-03-10-hoithao-dalat2\/\" rel=\"attachment wp-att-14350\"><img decoding=\"async\" loading=\"lazy\" class=\"aligncenter  wp-image-14350\" alt=\"15-03-10 Hoithao Dalat2\" src=\"http:\/\/vafs.gov.vn\/vn\/wp-content\/uploads\/sites\/2\/2015\/03\/15-03-10-Hoithao-Dalat2.jpg\" width=\"549\" height=\"314\" srcset=\"https:\/\/vafs.gov.vn\/vn\/wp-content\/uploads\/sites\/2\/2015\/03\/15-03-10-Hoithao-Dalat2.jpg 762w, https:\/\/vafs.gov.vn\/vn\/wp-content\/uploads\/sites\/2\/2015\/03\/15-03-10-Hoithao-Dalat2-500x285.jpg 500w\" sizes=\"(max-width: 549px) 100vw, 549px\" \/><\/a><\/p>\n<p style=\"text-align: center;\">\n","protected":false},"excerpt":{"rendered":"<p>S\u00e1ng ng\u00e0y 10\/3\/2015 ta\u0323i tha\u0300nh ph\u00f4\u0301 \u0110\u00e0 L\u1ea1t, ti\u0309nh L\u00e2m \u0110\u1ed3ng, \u0111\u01b0\u1ee3c s\u1ef1 \u0111\u1ed3ng \u00fd c\u1ee7a B\u1ed9 N\u00f4ng nghi\u1ec7p v\u00e0 Ph\u00e1t tri\u1ec3n N\u00f4ng th\u00f4n, \u00a0Trung t\u00e2m Nghi\u00ean c\u1ee9u Kinh t\u1ebf L\u00e2m nghi\u1ec7p thu\u1ed9c Vi\u1ec7n Khoa h\u1ecdc L\u00e2m nghi\u1ec7p Vi\u1ec7t Nam v\u00e0 T\u1ed5 ch\u1ee9c H\u1ee3p t\u00e1c M\u00f4i tr\u01b0\u1eddng ASEAN &#8211; H\u00e0n Qu\u1ed1c (AKECU) \u0111\u00e3 t\u1ed5 ch\u1ee9c [&hellip;]<\/p>\n","protected":false},"author":2,"featured_media":0,"comment_status":"open","ping_status":"open","sticky":false,"template":"","format":"standard","meta":[],"categories":[14,72],"tags":[],"_links":{"self":[{"href":"https:\/\/vafs.gov.vn\/vn\/wp-json\/wp\/v2\/posts\/14345"}],"collection":[{"href":"https:\/\/vafs.gov.vn\/vn\/wp-json\/wp\/v2\/posts"}],"about":[{"href":"https:\/\/vafs.gov.vn\/vn\/wp-json\/wp\/v2\/types\/post"}],"author":[{"embeddable":true,"href":"https:\/\/vafs.gov.vn\/vn\/wp-json\/wp\/v2\/users\/2"}],"replies":[{"embeddable":true,"href":"https:\/\/vafs.gov.vn\/vn\/wp-json\/wp\/v2\/comments?post=14345"}],"version-history":[{"count":7,"href":"https:\/\/vafs.gov.vn\/vn\/wp-json\/wp\/v2\/posts\/14345\/revisions"}],"predecessor-version":[{"id":14349,"href":"https:\/\/vafs.gov.vn\/vn\/wp-json\/wp\/v2\/posts\/14345\/revisions\/14349"}],"wp:attachment":[{"href":"https:\/\/vafs.gov.vn\/vn\/wp-json\/wp\/v2\/media?parent=14345"}],"wp:term":[{"taxonomy":"category","embeddable":true,"href":"https:\/\/vafs.gov.vn\/vn\/wp-json\/wp\/v2\/categories?post=14345"},{"taxonomy":"post_tag","embeddable":true,"href":"https:\/\/vafs.gov.vn\/vn\/wp-json\/wp\/v2\/tags?post=14345"}],"curies":[{"name":"wp","href":"https:\/\/api.w.org\/{rel}","templated":true}]}}